{"id":11906,"date":"2023-02-20T01:30:35","date_gmt":"2023-02-20T00:30:35","guid":{"rendered":"https:\/\/przemysldrzewny.eu\/?p=11906"},"modified":"2023-02-20T01:30:36","modified_gmt":"2023-02-20T00:30:36","slug":"rynek-z-potencjalem-naturalne-pellety-zoologiczne","status":"publish","type":"post","link":"https:\/\/przemysldrzewny.eu\/index.php\/2023\/02\/20\/rynek-z-potencjalem-naturalne-pellety-zoologiczne\/","title":{"rendered":"Rynek z potencja\u0142em: naturalne pellety zoologiczne"},"content":{"rendered":"\n<p class=\"wp-block-paragraph\">\u017bwirek stosowany w kuwetach dla kot\u00f3w, kr\u00f3lik\u00f3w lub innych ma\u0142ych zwierz\u0105t domowych to rynek z ogromnym potencja\u0142em, kt\u00f3rego najwi\u0119kszym konsumentem jest Europa, a najwi\u0119kszym beneficjentem mog\u0105 zosta\u0107 r\u00f3wnie\u017c wytw\u00f3rcy produkt\u00f3w z odpad\u00f3w drzewnych. Perspektywy zysku dostrzegli ju\u017c \u015bwiatowi producenci, tacy jak Rettenmaier, kt\u00f3rzy stworzyli specjalne marki \u201ezwierz\u0119ce\u201d dla swoich<br>granulat\u00f3w drzewnych. Produkcja tartaczna generuje ogromne ilo\u015bci odpad\u00f3w, kt\u00f3re \u2013 odpowiednio<br>zagospodarowane \u2013 mog\u0105 pomna\u017ca\u0107 zyski zak\u0142ad\u00f3w przerabiaj\u0105cych drewno. Op\u0142acalne sta\u0142o si\u0119 przetwarzanie ich na pellet, kt\u00f3ry zyska\u0142 na popularno\u015bci w ostatnim czasie jako ta\u0144sze \u017ar\u00f3d\u0142o zapewnienia ciep\u0142a gospodarstwom domowym.<br><\/p>\n\n\n\n<p class=\"wp-block-paragraph\">Ca\u0142y artyku\u0142 przeczytasz w nr 1\/2023:<\/p>\n\n\n\n<figure class=\"wp-block-embed is-type-wp-embed is-provider-przemysl-drzewny-research-amp-development wp-block-embed-przemysl-drzewny-research-amp-development\"><div class=\"wp-block-embed__wrapper\">\n<blockquote class=\"wp-embedded-content\" data-secret=\"ANt0Z4rIqn\"><a href=\"https:\/\/przemysldrzewny.eu\/index.php\/produkt\/przemysl-drzewny-nr-1-2023-wydanie-elektroniczne\/\">Przemys\u0142 Drzewny. Research&#038;Development nr 1\/2023 &#8211; wydanie elektroniczne<\/a><\/blockquote><iframe loading=\"lazy\" class=\"wp-embedded-content\" sandbox=\"allow-scripts\" security=\"restricted\" style=\"position: absolute; clip: rect(1px, 1px, 1px, 1px);\" title=\"&#8222;Przemys\u0142 Drzewny. Research&#038;Development nr 1\/2023 &#8211; wydanie elektroniczne&#8221; &#8212; Przemys\u0142 drzewny. Research&amp;Development\" src=\"https:\/\/przemysldrzewny.eu\/index.php\/produkt\/przemysl-drzewny-nr-1-2023-wydanie-elektroniczne\/embed\/#?secret=QLgWhfAodp#?secret=ANt0Z4rIqn\" data-secret=\"ANt0Z4rIqn\" width=\"600\" height=\"338\" frameborder=\"0\" marginwidth=\"0\" marginheight=\"0\" scrolling=\"no\"><\/iframe>\n<\/div><\/figure>\n","protected":false},"excerpt":{"rendered":"<p>\u017bwirek stosowany w kuwetach dla kot\u00f3w, kr\u00f3lik\u00f3w lub innych ma\u0142ych zwierz\u0105t domowych to rynek z ogromnym potencja\u0142em, kt\u00f3rego najwi\u0119kszym konsumentem jest Europa, a najwi\u0119kszym beneficjentem mog\u0105 zosta\u0107 r\u00f3wnie\u017c wytw\u00f3rcy produkt\u00f3w [&hellip;]<\/p>\n","protected":false},"author":9,"featured_media":0,"comment_status":"closed","ping_status":"closed","sticky":false,"template":"","format":"standard","meta":{"_jetpack_newsletter_access":"","_jetpack_dont_email_post_to_subs":false,"_jetpack_newsletter_tier_id":0,"_jetpack_memberships_contains_paywalled_content":false,"_jetpack_feature_clip_id":0,"_jetpack_memberships_contains_paid_content":false,"footnotes":"","jetpack_post_was_ever_published":false},"categories":[16],"tags":[],"class_list":["post-11906","post","type-post","status-publish","format-standard","hentry","category-biomasa"],"jetpack_likes_enabled":true,"jetpack_sharing_enabled":true,"jetpack-related-posts":[{"id":14368,"url":"https:\/\/przemysldrzewny.eu\/index.php\/2025\/11\/10\/rynek-potrzebuje-surowca-drzewnego-z-odpadow\/","url_meta":{"origin":11906,"position":0},"title":"Rynek potrzebuje surowca drzewnego z odpad\u00f3w","author":"ForestorKW","date":"10 listopada 2025","format":false,"excerpt":"W Polsce rocznie powstaje oko\u0142o 1,3 mln ton odpad\u00f3w drzewnych i drewnopochodnych \u2013 wynika z najnowszego raportu \u201eWi\u0119cej z drewna\u201d przygotowanego przez Polityka Insight. Daje nam to \u00f3sme miejsce w Unii Europejskiej. Nie chodzi jednak o to, by chwali\u0107 si\u0119 produkcj\u0105 odpad\u00f3w, ale ich efektywnym wykorzystaniem. Tymczasem brak kompleksowych rozwi\u0105za\u0144\u2026","rel":"","context":"W \u201eLASY I DREWNO&quot;","block_context":{"text":"LASY I DREWNO","link":"https:\/\/przemysldrzewny.eu\/index.php\/category\/lesnictwo\/"},"img":{"alt_text":"","src":"https:\/\/i0.wp.com\/przemysldrzewny.eu\/wp-content\/uploads\/2025\/11\/image-28.png?fit=849%2C1200&ssl=1&resize=350%2C200","width":350,"height":200,"srcset":"https:\/\/i0.wp.com\/przemysldrzewny.eu\/wp-content\/uploads\/2025\/11\/image-28.png?fit=849%2C1200&ssl=1&resize=350%2C200 1x, https:\/\/i0.wp.com\/przemysldrzewny.eu\/wp-content\/uploads\/2025\/11\/image-28.png?fit=849%2C1200&ssl=1&resize=525%2C300 1.5x, https:\/\/i0.wp.com\/przemysldrzewny.eu\/wp-content\/uploads\/2025\/11\/image-28.png?fit=849%2C1200&ssl=1&resize=700%2C400 2x"},"classes":[]},{"id":1467,"url":"https:\/\/przemysldrzewny.eu\/index.php\/2015\/07\/27\/pellet\/","url_meta":{"origin":11906,"position":1},"title":"Pellet","author":"forestor","date":"27 lipca 2015","format":false,"excerpt":"Granulat drzewny - pellety (u\u017cywane s\u0105 r\u00f3wnie\u017c nazwy:\u00a0pellet, pellets, pelet, pelety) - to, podobnie jak brykiety,\u00a0masa drzewna sprasowana pod wysokim ci\u015bnieniem, bez\u00a0u\u017cycia \u015brodk\u00f3w wi\u0105\u017c\u0105cych. Produkowany jest w postaci\u00a0walc\u00f3w o \u015brednicy od 6 do 30 mm i d\u0142ugo\u015bci nieprzekraczaj\u0105cej\u00a050 mm. Wygl\u0105dem przypomina granulowan\u0105\u00a0pasz\u0119 dla zwierz\u0105t. Granulki powstaj\u0105 poprzez dzia\u0142anie\u00a0wysokiego ci\u015bnienia na\u2026","rel":"","context":"W \u201eBIOMASA&quot;","block_context":{"text":"BIOMASA","link":"https:\/\/przemysldrzewny.eu\/index.php\/category\/biomasa\/"},"img":{"alt_text":"","src":"","width":0,"height":0},"classes":[]},{"id":1486,"url":"https:\/\/przemysldrzewny.eu\/index.php\/2015\/07\/27\/potencjal-uratowany-przed-spaleniem\/","url_meta":{"origin":11906,"position":2},"title":"Potencja\u0142 uratowany przed spaleniem","author":"forestor","date":"27 lipca 2015","format":false,"excerpt":"Rynek recyklingu drewna pou\u017cytkowego w Polsce rozwija si\u0119\u00a0powoli. Pionierem tej bran\u017cy jest firma 3Spare, istniej\u0105ca na\u00a0rynku od ponad siedmiu lat. Motorem jej rozwoju jest wsp\u00f3\u0142praca\u00a0z wytw\u00f3rcami odpad\u00f3w oraz dostawy odzyskanego surowca\u00a0pou\u017cytkowego do ponownego wykorzystania w produkcji p\u0142yt\u00a0drewnopochodnych. Nowoczesna linia do recyklingu drewna pou\u017cytkowego,\u00a0zlokalizowana w Wieruszowie, pozwala na odzysk materia\u0142owy ponad\u2026","rel":"","context":"W \u201eTECHNIKA I TECHNOLOGIA&quot;","block_context":{"text":"TECHNIKA I TECHNOLOGIA","link":"https:\/\/przemysldrzewny.eu\/index.php\/category\/technika-i-technologia\/"},"img":{"alt_text":"","src":"","width":0,"height":0},"classes":[]},{"id":980,"url":"https:\/\/przemysldrzewny.eu\/index.php\/2015\/01\/08\/980\/","url_meta":{"origin":11906,"position":3},"title":"ZABEZPIECZANIE opakowa\u0144  drewnianych","author":"forestor","date":"8 stycznia 2015","format":false,"excerpt":"Przy pot\u0119\u017cnym potencjale produkcyjnym sektora owocowo-warzywnego, w Polsce istotne staje si\u0119 stosowanie opakowa\u0144 drewnianych \u00a0o podwy\u017cszonej odporno\u015bci na naturalne czynniki destrukcyjne podczas przechowywania produkt\u00f3w rolnych, np. poprzez skuteczn\u0105 i bezpieczn\u0105 dla konsument\u00f3w impregnacj\u0119. Polska jest jednym z najwi\u0119kszych rynk\u00f3w opakowa\u0144 w Europie. Przemys\u0142 opakowaniowy jest wyposa\u017cony w nowoczesne \u015brodki produkcji\u2026","rel":"","context":"W \u201eOCHRONA DREWNA&quot;","block_context":{"text":"OCHRONA DREWNA","link":"https:\/\/przemysldrzewny.eu\/index.php\/category\/ochrona-drewna\/"},"img":{"alt_text":"","src":"","width":0,"height":0},"classes":[]},{"id":7656,"url":"https:\/\/przemysldrzewny.eu\/index.php\/2020\/12\/01\/clt-to-drewno-z-potencjalem\/","url_meta":{"origin":11906,"position":4},"title":"CLT to drewno z potencja\u0142em","author":"forestor","date":"1 grudnia 2020","format":false,"excerpt":"- PRZEMYS\u0141 DRZEWNY: Zak\u0142ad w Murowie jest obecnienajwi\u0119kszym tartakiem w Polsce.Uda\u0142o si\u0119 w tym roku utrzyma\u0107 poziom przetarcia drewna okr\u0105g\u0142egopowy\u017cej p\u00f3\u0142 miliona metr\u00f3w sze\u015bciennych. Koronawirusowy lockdown nie zak\u0142\u00f3ci\u0142 produkcji? - ROBERT MOTA\u0141A : Zak\u0142\u00f3ci\u0142 - i to bardzo. W\u0142a\u015bciwie ju\u017c od pocz\u0105tku pandemii by\u0142y problemy z wysy\u0142aniem towaru na rynki\u2026","rel":"","context":"W \u201eBUDOWNICTWO DREWNIANE&quot;","block_context":{"text":"BUDOWNICTWO DREWNIANE","link":"https:\/\/przemysldrzewny.eu\/index.php\/category\/budownictwo-drewniane\/"},"img":{"alt_text":"","src":"","width":0,"height":0},"classes":[]},{"id":6747,"url":"https:\/\/przemysldrzewny.eu\/index.php\/2019\/11\/18\/wymiana-wiedzy-i-doswiadczen-podczas-konferencji-drewno-nauka-gospodarka-w-poznaniu\/","url_meta":{"origin":11906,"position":5},"title":"Wymiana wiedzy i do\u015bwiadcze\u0144 podczas konferencji DREWNO-NAUKA-GOSPODARKA w Poznaniu","author":"forestor","date":"18 listopada 2019","format":false,"excerpt":"W dniach 21-22 pa\u017adziernika 2019 roku w IBB Andersia Hotel w Poznaniu odby\u0142a si\u0119 3. Mi\u0119dzynarodowa Konferencja Naukowa DREWNO - NAUKA - GOSPODARKA, zorganizowana przez Sie\u0107 Badawcz\u0105 \u0141ukasiewicz - Instytut Technologii Drewna wsp\u00f3lnie z PGL Lasy Pa\u0144stwowe. Partnerem konferencji by\u0142 Instytut Uprawy Nawo\u017cenia i Gleboznawstwa - Pa\u0144stwowy Instytut Badawczy (IUNG)\u2026","rel":"","context":"W \u201eNauka&quot;","block_context":{"text":"Nauka","link":"https:\/\/przemysldrzewny.eu\/index.php\/category\/nauka\/"},"img":{"alt_text":"","src":"https:\/\/i0.wp.com\/przemysldrzewny.eu\/index.php\/wp-content\/uploads\/2019\/11\/DSC_0072-300x200.jpg?resize=350%2C200&ssl=1","width":350,"height":200},"classes":[]}],"jetpack_featured_media_url":"","_links":{"self":[{"href":"https:\/\/przemysldrzewny.eu\/index.php\/wp-json\/wp\/v2\/posts\/11906","targetHints":{"allow":["GET"]}}],"collection":[{"href":"https:\/\/przemysldrzewny.eu\/index.php\/wp-json\/wp\/v2\/posts"}],"about":[{"href":"https:\/\/przemysldrzewny.eu\/index.php\/wp-json\/wp\/v2\/types\/post"}],"author":[{"embeddable":true,"href":"https:\/\/przemysldrzewny.eu\/index.php\/wp-json\/wp\/v2\/users\/9"}],"replies":[{"embeddable":true,"href":"https:\/\/przemysldrzewny.eu\/index.php\/wp-json\/wp\/v2\/comments?post=11906"}],"version-history":[{"count":1,"href":"https:\/\/przemysldrzewny.eu\/index.php\/wp-json\/wp\/v2\/posts\/11906\/revisions"}],"predecessor-version":[{"id":11907,"href":"https:\/\/przemysldrzewny.eu\/index.php\/wp-json\/wp\/v2\/posts\/11906\/revisions\/11907"}],"wp:attachment":[{"href":"https:\/\/przemysldrzewny.eu\/index.php\/wp-json\/wp\/v2\/media?parent=11906"}],"wp:term":[{"taxonomy":"category","embeddable":true,"href":"https:\/\/przemysldrzewny.eu\/index.php\/wp-json\/wp\/v2\/categories?post=11906"},{"taxonomy":"post_tag","embeddable":true,"href":"https:\/\/przemysldrzewny.eu\/index.php\/wp-json\/wp\/v2\/tags?post=11906"}],"curies":[{"name":"wp","href":"https:\/\/api.w.org\/{rel}","templated":true}]}}