{"id":12163,"date":"2023-06-23T17:03:46","date_gmt":"2023-06-23T15:03:46","guid":{"rendered":"https:\/\/przemysldrzewny.eu\/?p=12163"},"modified":"2023-07-06T13:12:45","modified_gmt":"2023-07-06T11:12:45","slug":"inwestorzy-postrzegaja-rynek-papierniczy-jako-staroswiecki","status":"publish","type":"post","link":"https:\/\/przemysldrzewny.eu\/index.php\/2023\/06\/23\/inwestorzy-postrzegaja-rynek-papierniczy-jako-staroswiecki\/","title":{"rendered":"Inwestorzy postrzegaj\u0105 rynek papierniczy jako staro\u015bwiecki"},"content":{"rendered":"\n<p class=\"wp-block-paragraph\">Mia\u0142em przyjemno\u015b\u0107 wyg\u0142osi\u0107 wyk\u0142ad na temat atrakcyjno\u015bci przemys\u0142u celulozowo-papierniczego dla rynku kapita\u0142owego i przysz\u0142ych pracownik\u00f3w na seminarium Hawkins Wright Ltd podczas London Pulp Week. Przez wiele lat zwrot z inwestycji w akcje sp\u00f3\u0142ek celulozowo-papierniczych by\u0142 nieco ni\u017cszy ni\u017c w S&amp;P500 czy Dow Jones. W ostatnich pi\u0119ciu latach niestety stopa zwrotu z inwestycji w akcje w naszym sektorze jest wyra\u017anie ni\u017csza od wska\u017anik\u00f3w. Nie wynika to z krachu w naszej bran\u017cy, nie wynika z naszych wynik\u00f3w finansowych, ale moim zdaniem ze zmiany postrzegania bran\u017cy przez inwestor\u00f3w. Stali\u015bmy si\u0119 nieaktualni, jeste\u015bmy postrzegani jako konserwatywny segment wytw\u00f3rczy, w kt\u00f3rym wszystko zosta\u0142o ju\u017c wynalezione i nikt nie oczekuje od nas rewolucyjnej zmiany.<\/p>\n\n\n\n<p class=\"wp-block-paragraph\">Ca\u0142y artyku\u0142 przeczytasz w czasopi\u015bmie \u201ePrzemys\u0142 Drzewny\u201d nr 2\/2023<\/p>\n\n\n\n<figure class=\"wp-block-embed is-type-wp-embed is-provider-przemysl-drzewny-research-amp-development wp-block-embed-przemysl-drzewny-research-amp-development\"><div class=\"wp-block-embed__wrapper\">\n <blockquote class=\"wp-embedded-content\" data-secret=\"h2kctlnDGe\"><a href=\"https:\/\/przemysldrzewny.eu\/index.php\/produkt\/przemysl-drzewny-researchdevelopment-nr-2-2023-wydanie-elektroniczne\/\">Przemys\u0142 Drzewny. Research&#038;Development nr 2\/2023 &#8211; wydanie elektroniczne<\/a><\/blockquote><iframe loading=\"lazy\" class=\"wp-embedded-content\" sandbox=\"allow-scripts\" security=\"restricted\" style=\"position: absolute; clip: rect(1px, 1px, 1px, 1px);\" title=\"&#8222;Przemys\u0142 Drzewny. Research&#038;Development nr 2\/2023 &#8211; wydanie elektroniczne&#8221; &#8212; Przemys\u0142 drzewny. Research&amp;Development\" src=\"https:\/\/przemysldrzewny.eu\/index.php\/produkt\/przemysl-drzewny-researchdevelopment-nr-2-2023-wydanie-elektroniczne\/embed\/#?secret=yM9lXgCM4Z#?secret=h2kctlnDGe\" data-secret=\"h2kctlnDGe\" width=\"600\" height=\"338\" frameborder=\"0\" marginwidth=\"0\" marginheight=\"0\" scrolling=\"no\"><\/iframe>\n<\/div><\/figure>\n","protected":false},"excerpt":{"rendered":"<p>Mia\u0142em przyjemno\u015b\u0107 wyg\u0142osi\u0107 wyk\u0142ad na temat atrakcyjno\u015bci przemys\u0142u celulozowo-papierniczego dla rynku kapita\u0142owego i przysz\u0142ych pracownik\u00f3w na seminarium Hawkins Wright Ltd podczas London Pulp Week. Przez wiele lat zwrot z inwestycji [&hellip;]<\/p>\n","protected":false},"author":9,"featured_media":12168,"comment_status":"closed","ping_status":"closed","sticky":false,"template":"","format":"standard","meta":{"_jetpack_newsletter_access":"","_jetpack_dont_email_post_to_subs":false,"_jetpack_newsletter_tier_id":0,"_jetpack_memberships_contains_paywalled_content":false,"_jetpack_feature_clip_id":0,"_jetpack_memberships_contains_paid_content":false,"footnotes":"","jetpack_post_was_ever_published":false},"categories":[35,19],"tags":[],"class_list":["post-12163","post","type-post","status-publish","format-standard","has-post-thumbnail","hentry","category-ze-swiata","category-po-pracy-2"],"jetpack_likes_enabled":true,"jetpack_sharing_enabled":true,"jetpack-related-posts":[{"id":13234,"url":"https:\/\/przemysldrzewny.eu\/index.php\/2024\/09\/28\/40-letnia-drema-dojrzala-czy-gotowa-na-zmiany\/","url_meta":{"origin":12163,"position":0},"title":"40-letnia Drema. Dojrza\u0142a czy gotowa na zmiany?","author":"forestor","date":"28 wrze\u015bnia 2024","format":false,"excerpt":"Ju\u017c po raz 40. specjali\u015bci zwi\u0105zani z bran\u017c\u0105 spotkali si\u0119 podczas Mi\u0119dzynarodowych Targ\u00f3w Maszyn, Narz\u0119dzi i Komponent\u00f3w dla Przemys\u0142u Drzewnego i Meblarskiego DREMA. Jej ambicj\u0105 jest wyznaczanie kierunk\u00f3w rozwoju bran\u017cy, ale te\u017c bran\u017ca oczekuje \u017ce Drema dopasuje si\u0119 do zmieniaj\u0105cej rzeczywisto\u015bci marketingowej. Oko\u0142o 400 firm i marek z 17 kraj\u00f3w\u00a0przedstawi\u0142o\u2026","rel":"","context":"W \u201eTARGI I KONFERENCJE&quot;","block_context":{"text":"TARGI I KONFERENCJE","link":"https:\/\/przemysldrzewny.eu\/index.php\/category\/czasopismo-na-targach\/"},"img":{"alt_text":"Targi Drema 2024","src":"https:\/\/i0.wp.com\/przemysldrzewny.eu\/wp-content\/uploads\/2024\/09\/2024-09-11_DREMA_FOTOBUENO_1234-scaled.jpg?fit=1200%2C800&ssl=1&resize=350%2C200","width":350,"height":200,"srcset":"https:\/\/i0.wp.com\/przemysldrzewny.eu\/wp-content\/uploads\/2024\/09\/2024-09-11_DREMA_FOTOBUENO_1234-scaled.jpg?fit=1200%2C800&ssl=1&resize=350%2C200 1x, https:\/\/i0.wp.com\/przemysldrzewny.eu\/wp-content\/uploads\/2024\/09\/2024-09-11_DREMA_FOTOBUENO_1234-scaled.jpg?fit=1200%2C800&ssl=1&resize=525%2C300 1.5x, https:\/\/i0.wp.com\/przemysldrzewny.eu\/wp-content\/uploads\/2024\/09\/2024-09-11_DREMA_FOTOBUENO_1234-scaled.jpg?fit=1200%2C800&ssl=1&resize=700%2C400 2x, https:\/\/i0.wp.com\/przemysldrzewny.eu\/wp-content\/uploads\/2024\/09\/2024-09-11_DREMA_FOTOBUENO_1234-scaled.jpg?fit=1200%2C800&ssl=1&resize=1050%2C600 3x"},"classes":[]},{"id":4759,"url":"https:\/\/przemysldrzewny.eu\/index.php\/2018\/01\/22\/kluczowe-wyzwania-i-plany-inwestycyjne-dla-przemyslu-drzewnego-w-polsce\/","url_meta":{"origin":12163,"position":1},"title":"Kluczowe wyzwania i plany inwestycyjne dla przemys\u0142u drzewnego w Polsce","author":"forestor","date":"22 stycznia 2018","format":false,"excerpt":"Obecna sytuacja gospodarcza w bran\u017cy drzewnej stwarza wyzwania, z kt\u00f3rymi przedsi\u0119biorcy w Polsce wcze\u015bniej nie mieli szans si\u0119 zmierzy\u0107. Coraz wi\u0119cej firm deklaruje zwi\u0119kszenie nak\u0142ad\u00f3w na rozw\u00f3j inwestycji, jednak najwi\u0119kszym problemem, z kt\u00f3rym przyjdzie im si\u0119 wkr\u00f3tce zmaga\u0107, b\u0119dzie pozyskanie nowych pracownik\u00f3w i zmiana podej\u015bcia do ich rekrutowania. Do tego\u2026","rel":"","context":"W \u201eZARZ\u0104DZANIE&quot;","block_context":{"text":"ZARZ\u0104DZANIE","link":"https:\/\/przemysldrzewny.eu\/index.php\/category\/zarzadzanie-2\/"},"img":{"alt_text":"","src":"https:\/\/i0.wp.com\/localhost\/check\/wp-content\/uploads\/2018\/01\/images.jpg?resize=350%2C200","width":350,"height":200},"classes":[]},{"id":8123,"url":"https:\/\/przemysldrzewny.eu\/index.php\/2021\/05\/10\/na-polskich-europaletach-po-calym-swiecie-transportowane-sa-szczepionki-na-covid-19\/","url_meta":{"origin":12163,"position":2},"title":"Na polskich europaletach po ca\u0142ym \u015bwiecie transportowane s\u0105 szczepionki na COVID-19","author":"forestor","date":"10 maja 2021","format":false,"excerpt":"Na polskich paletach wo\u017cone s\u0105 szczepionki na COVID-19 po ca\u0142ym \u015bwiecie. Op\u00f3\u017anienia w ich dostawach to tak\u017ce problem z mo\u017cliwo\u015bciami produkcji odpowiedniej ilo\u015bci palet, bo brakuje nam drewna. Czy w rozwi\u0105zanie tego pal\u0105cego, strategicznego w walce z pandemi\u0105 problemu nie powinien w\u0142\u0105czy\u0107 si\u0119 r\u00f3wnie\u017c rz\u0105d? - pytamy Romana Malickiego -\u2026","rel":"","context":"W \u201eTECHNIKA I TECHNOLOGIA&quot;","block_context":{"text":"TECHNIKA I TECHNOLOGIA","link":"https:\/\/przemysldrzewny.eu\/index.php\/category\/technika-i-technologia\/"},"img":{"alt_text":"","src":"","width":0,"height":0},"classes":[]},{"id":3900,"url":"https:\/\/przemysldrzewny.eu\/index.php\/2017\/07\/25\/90-polskich-mebli-trafia-za-granice\/","url_meta":{"origin":12163,"position":3},"title":"90% polskich mebli trafia za granic\u0119","author":"forestor","date":"25 lipca 2017","format":false,"excerpt":"Polska bran\u017ca meblarska osi\u0105gn\u0119\u0142a w 2016 roku warto\u015b\u0107 produkcji wynosz\u0105c\u0105 42 mld z\u0142otych, kt\u00f3rej ponad 90% stanowi\u0105 meble eksportowane. Ju\u017c 13% polskich mebli eksportowanych jest poza UE. Przedstawiciele firm meblarskich optymistycznie opisuj\u0105 obecn\u0105 i przysz\u0142\u0105 sytuacj\u0119 bran\u017cy ? a\u017c 37% respondent\u00f3w przewiduje wzrost sprzeda\u017cy w 2017 roku. Warto\u015b\u0107 produkcji sprzedanej\u2026","rel":"","context":"W \u201eMEBLARSTWO&quot;","block_context":{"text":"MEBLARSTWO","link":"https:\/\/przemysldrzewny.eu\/index.php\/category\/meblarstwo\/"},"img":{"alt_text":"","src":"https:\/\/i0.wp.com\/localhost\/check\/wp-content\/uploads\/2017\/07\/a1-158x300.jpg?resize=350%2C200","width":350,"height":200},"classes":[]},{"id":12200,"url":"https:\/\/przemysldrzewny.eu\/index.php\/2023\/08\/10\/mamy-swiadomosc-jak-wazne-jest-fsc-dla-przemyslu-dlatego-podejmujemy-regularne-dzialania-by-doprowadzic-do-porozumienia-z-lasami-panstwowymi-mowi-karolina-tymorek-dyrektorka-fsc-w-polsce\/","url_meta":{"origin":12163,"position":4},"title":"Mamy \u015bwiadomo\u015b\u0107 jak wa\u017cne jest FSC dla przemys\u0142u&#8230;","author":"forestor","date":"10 sierpnia 2023","format":false,"excerpt":"dlatego podejmujemy regularne dzia\u0142ania, by doprowadzi\u0107 do porozumienia z Lasami Pa\u0144stwowymi \u2013 m\u00f3wi Karolina Tymorek, dyrektorka FSC w Polsce, w wywiadzie dla \u201ePrzemys\u0142 Drzewny. Research&Development\u201d Po 25 latach wsp\u00f3\u0142pracy Las\u00f3w Pa\u0144stwowych z Forest Stewardship Council sze\u015b\u0107 regionalnych dyrekcji: w Gda\u0144sku, Toruniu, Poznaniu, Warszawie, Radomiu i Pile zaprzesta\u0142o certyfikacji w standardzie\u2026","rel":"","context":"W \u201eLASY I DREWNO&quot;","block_context":{"text":"LASY I DREWNO","link":"https:\/\/przemysldrzewny.eu\/index.php\/category\/lesnictwo\/"},"img":{"alt_text":"","src":"https:\/\/i0.wp.com\/przemysldrzewny.eu\/wp-content\/uploads\/2023\/08\/fsc2.jpg?fit=1061%2C723&ssl=1&resize=350%2C200","width":350,"height":200,"srcset":"https:\/\/i0.wp.com\/przemysldrzewny.eu\/wp-content\/uploads\/2023\/08\/fsc2.jpg?fit=1061%2C723&ssl=1&resize=350%2C200 1x, https:\/\/i0.wp.com\/przemysldrzewny.eu\/wp-content\/uploads\/2023\/08\/fsc2.jpg?fit=1061%2C723&ssl=1&resize=525%2C300 1.5x, https:\/\/i0.wp.com\/przemysldrzewny.eu\/wp-content\/uploads\/2023\/08\/fsc2.jpg?fit=1061%2C723&ssl=1&resize=700%2C400 2x, https:\/\/i0.wp.com\/przemysldrzewny.eu\/wp-content\/uploads\/2023\/08\/fsc2.jpg?fit=1061%2C723&ssl=1&resize=1050%2C600 3x"},"classes":[]},{"id":1438,"url":"https:\/\/przemysldrzewny.eu\/index.php\/2015\/07\/20\/branzowa-mobilizacja-w-pazdzierniku-drema-2015\/","url_meta":{"origin":12163,"position":5},"title":"Bran\u017cowa mobilizacja w pa\u017adzierniku- DREMA 2015","author":"forestor","date":"20 lipca 2015","format":false,"excerpt":"W dniach 6-9 pa\u017adziernika w Poznaniu po raz 31 spotkaj\u0105 si\u0119 przedstawiciele sektora drzewnego i meblarskiego, by tworzy\u0107 kszta\u0142t rynku i szuka\u0107 nowych kierunk\u00f3w rozwoju. Taka mobilizacja i poruszenie bran\u017cy zdarza si\u0119 tylko raz w roku, podczas Mi\u0119dzynarodowych Targ\u00f3w Maszyn i Narz\u0119dzi dla Przemys\u0142u Drzewnego i Meblarskiego Drema. Targi Drema\u2026","rel":"","context":"W \u201eTARGI I KONFERENCJE&quot;","block_context":{"text":"TARGI I KONFERENCJE","link":"https:\/\/przemysldrzewny.eu\/index.php\/category\/czasopismo-na-targach\/"},"img":{"alt_text":"","src":"","width":0,"height":0},"classes":[]}],"jetpack_featured_media_url":"https:\/\/i0.wp.com\/przemysldrzewny.eu\/wp-content\/uploads\/2023\/06\/pexels-asya-vlasova-2575363-scaled.jpg?fit=2560%2C1920&ssl=1","_links":{"self":[{"href":"https:\/\/przemysldrzewny.eu\/index.php\/wp-json\/wp\/v2\/posts\/12163","targetHints":{"allow":["GET"]}}],"collection":[{"href":"https:\/\/przemysldrzewny.eu\/index.php\/wp-json\/wp\/v2\/posts"}],"about":[{"href":"https:\/\/przemysldrzewny.eu\/index.php\/wp-json\/wp\/v2\/types\/post"}],"author":[{"embeddable":true,"href":"https:\/\/przemysldrzewny.eu\/index.php\/wp-json\/wp\/v2\/users\/9"}],"replies":[{"embeddable":true,"href":"https:\/\/przemysldrzewny.eu\/index.php\/wp-json\/wp\/v2\/comments?post=12163"}],"version-history":[{"count":2,"href":"https:\/\/przemysldrzewny.eu\/index.php\/wp-json\/wp\/v2\/posts\/12163\/revisions"}],"predecessor-version":[{"id":12169,"href":"https:\/\/przemysldrzewny.eu\/index.php\/wp-json\/wp\/v2\/posts\/12163\/revisions\/12169"}],"wp:featuredmedia":[{"embeddable":true,"href":"https:\/\/przemysldrzewny.eu\/index.php\/wp-json\/wp\/v2\/media\/12168"}],"wp:attachment":[{"href":"https:\/\/przemysldrzewny.eu\/index.php\/wp-json\/wp\/v2\/media?parent=12163"}],"wp:term":[{"taxonomy":"category","embeddable":true,"href":"https:\/\/przemysldrzewny.eu\/index.php\/wp-json\/wp\/v2\/categories?post=12163"},{"taxonomy":"post_tag","embeddable":true,"href":"https:\/\/przemysldrzewny.eu\/index.php\/wp-json\/wp\/v2\/tags?post=12163"}],"curies":[{"name":"wp","href":"https:\/\/api.w.org\/{rel}","templated":true}]}}