{"id":14541,"date":"2026-02-12T11:44:31","date_gmt":"2026-02-12T10:44:31","guid":{"rendered":"https:\/\/przemysldrzewny.eu\/?p=14541"},"modified":"2026-02-18T11:30:45","modified_gmt":"2026-02-18T10:30:45","slug":"bialystok-forte-robi-krok-w-kierunku-mebli-tapicerowanych","status":"publish","type":"post","link":"https:\/\/przemysldrzewny.eu\/index.php\/2026\/02\/12\/bialystok-forte-robi-krok-w-kierunku-mebli-tapicerowanych\/","title":{"rendered":"BIA\u0141YSTOK: FORTE robi krok w kierunku mebli tapicerowanych"},"content":{"rendered":"\n<p class=\"wp-block-paragraph\">Grupa Forte S.A. (nowa nazwa sp\u00f3\u0142ki od wrze\u015bnia br.) zg\u0142osi\u0142a zamiar przej\u0119cia firmy SPECIFIC \u2013 producenta mebli tapicerowanych \u2013 co wymaga zatwierdzenia przez UOKiK wniosku o\u00a0koncentracj\u0119. Zosta\u0142 on z\u0142o\u017cony pod koniec listopada 2025 r. Rok wcze\u015bniej FORTE zwi\u0119kszy\u0142o pakiet udzia\u0142\u00f3w w\u00a0SPECIFIC do 51%, staj\u0105c si\u0119 jednostk\u0105 dominuj\u0105c\u0105. Warto doda\u0107, \u017ce produkcj\u0119 mebli tapicerowanych wspomniana firma prowadzi w\u00a0pomieszczeniach dawnej fabryki mebli w\u00a0Bia\u0142ymstoku, wynajmowanych od FORTE.<\/p>\n\n\n\n<p class=\"wp-block-paragraph\">Ca\u0142y artyku\u0142 przeczytasz w &#8222;Przemys\u0142 Drzewny&#8221; nr 1\/2026<\/p>\n\n\n\n<figure class=\"wp-block-embed is-type-wp-embed is-provider-przemys-drzewny-research-amp-development wp-block-embed-przemys-drzewny-research-amp-development\"><div class=\"wp-block-embed__wrapper\">\n<blockquote class=\"wp-embedded-content\" data-secret=\"LM6LLSfYAW\"><a href=\"https:\/\/przemysldrzewny.eu\/index.php\/produkt\/przemysl-drzewny-researchdevelopment-nr-1-2026-wydanie-elektroniczne-kopia\/\">Przemys\u0142 Drzewny. Research&#038;Development nr 1\/2026 &#8211; wydanie elektroniczne<\/a><\/blockquote><iframe loading=\"lazy\" class=\"wp-embedded-content\" sandbox=\"allow-scripts\" security=\"restricted\" style=\"position: absolute; visibility: hidden;\" title=\"&#8222;Przemys\u0142 Drzewny. Research&#038;Development nr 1\/2026 &#8211; wydanie elektroniczne&#8221; &#8212; Przemys\u0142 drzewny. Research&amp;Development\" src=\"https:\/\/przemysldrzewny.eu\/index.php\/produkt\/przemysl-drzewny-researchdevelopment-nr-1-2026-wydanie-elektroniczne-kopia\/embed\/#?secret=hDy5hM7gjE#?secret=LM6LLSfYAW\" data-secret=\"LM6LLSfYAW\" width=\"600\" height=\"338\" frameborder=\"0\" marginwidth=\"0\" marginheight=\"0\" scrolling=\"no\"><\/iframe>\n<\/div><\/figure>\n","protected":false},"excerpt":{"rendered":"<p>Grupa Forte S.A. (nowa nazwa sp\u00f3\u0142ki od wrze\u015bnia br.) zg\u0142osi\u0142a zamiar przej\u0119cia firmy SPECIFIC \u2013 producenta mebli tapicerowanych \u2013 co wymaga zatwierdzenia przez UOKiK wniosku o\u00a0koncentracj\u0119. Zosta\u0142 on z\u0142o\u017cony pod [&hellip;]<\/p>\n","protected":false},"author":9,"featured_media":14548,"comment_status":"closed","ping_status":"closed","sticky":false,"template":"","format":"standard","meta":{"_jetpack_newsletter_access":"","_jetpack_dont_email_post_to_subs":false,"_jetpack_newsletter_tier_id":0,"_jetpack_memberships_contains_paywalled_content":false,"_jetpack_feature_clip_id":0,"_jetpack_memberships_contains_paid_content":false,"footnotes":"","jetpack_post_was_ever_published":false},"categories":[21,34],"tags":[],"class_list":["post-14541","post","type-post","status-publish","format-standard","has-post-thumbnail","hentry","category-meblarstwo","category-zarzadzanie-2"],"jetpack_likes_enabled":true,"jetpack_sharing_enabled":true,"jetpack-related-posts":[{"id":4903,"url":"https:\/\/przemysldrzewny.eu\/index.php\/2018\/04\/13\/druga-fabryka-mebli-tapicerowanych\/","url_meta":{"origin":14541,"position":0},"title":"Druga fabryka mebli tapicerowanych","author":"forestor","date":"13 kwietnia 2018","format":false,"excerpt":"Zamo\u015b\u0107: Druga fabryka mebli tapicerowanych Firma Meble Polskie wyst\u0105pi\u0142a o pozwolenie na budow\u0119 zak\u0142adu produkcji mebli z magazynem wysokiego sk\u0142adowania i cz\u0119\u015bci\u0105 biurowo-socjaln\u0105 w Zamo\u015bciu. B\u0119dzie to drugi (w tym mie\u015bcie) zak\u0142ad firmy, kt\u00f3ra specjalizuje si\u0119 w produkcji i sprzeda\u017cy mebli tapicerowanych.","rel":"","context":"W \u201eINWESTYCJE&quot;","block_context":{"text":"INWESTYCJE","link":"https:\/\/przemysldrzewny.eu\/index.php\/category\/invest\/"},"img":{"alt_text":"","src":"https:\/\/i0.wp.com\/localhost\/check\/wp-content\/uploads\/2018\/04\/Zamosc_Meble_Polskie-300x189.jpg?resize=350%2C200","width":350,"height":200},"classes":[]},{"id":5194,"url":"https:\/\/przemysldrzewny.eu\/index.php\/2018\/07\/19\/powstanie-fabryka-mebli-tapicerowanych\/","url_meta":{"origin":14541,"position":1},"title":"Powstanie fabryka mebli tapicerowanych","author":"forestor","date":"19 lipca 2018","format":false,"excerpt":"Nidzica: Powstanie fabryka mebli tapicerowanych Firma MK Design uzyska\u0142a pozwolenie na budow\u0119 fabryki mebli tapicerowanych w Nidzicy, na terenie Warmi\u0144sko-Mazurskiej Specjalnej Strefy Ekonomicznej. Inwestycja zlokalizowana na dzia\u0142ce o powierzchni 1,2 ha obejmie budow\u0119 hali produkcyjnej wraz z wyposa\u017ceniem w maszyny i niezb\u0119dn\u0105 infrastruktur\u0119 oraz cz\u0119\u015b\u0107 socjaln\u0105 i biurow\u0105, kt\u00f3re powstan\u0105\u2026","rel":"","context":"W \u201eINWESTYCJE&quot;","block_context":{"text":"INWESTYCJE","link":"https:\/\/przemysldrzewny.eu\/index.php\/category\/invest\/"},"img":{"alt_text":"","src":"https:\/\/i0.wp.com\/localhost\/check\/wp-content\/uploads\/2018\/07\/uph.jpg?resize=350%2C200","width":350,"height":200},"classes":[]},{"id":8001,"url":"https:\/\/przemysldrzewny.eu\/index.php\/2021\/05\/07\/glogow-przywiezienna-produkcja-mebli-tapicerowanych\/","url_meta":{"origin":14541,"position":2},"title":"G\u0141OG\u00d3W: Przywi\u0119zienna produkcja mebli tapicerowanych","author":"forestor","date":"7 maja 2021","format":false,"excerpt":"Produkcj\u0119 mebli tapicerowanych uruchomiono przy Zak\u0142adzie Karnym w G\u0142ogowie w hali o powierzchni 2100 m2.Jej budow\u0119 rozpocz\u0119to w ubieg\u0142ym roku na dzia\u0142ce o powierzchni ok. 70 ar\u00f3w i sfinansowano z Funduszu AktywizacjiZawodowej Skazanych oraz Rozwoju Przywi\u0119ziennych Zak\u0142ad\u00f3w Pracy w ramach rz\u0105dowego programu \"Praca dla wi\u0119\u017ani\u00f3w\". Dzier\u017cawc\u0105 hali jest fabryka mebli\u2026","rel":"","context":"W \u201eINWESTYCJE&quot;","block_context":{"text":"INWESTYCJE","link":"https:\/\/przemysldrzewny.eu\/index.php\/category\/invest\/"},"img":{"alt_text":"","src":"","width":0,"height":0},"classes":[]},{"id":2434,"url":"https:\/\/przemysldrzewny.eu\/index.php\/2016\/07\/12\/meble-negro-uruchomily-produkcje\/","url_meta":{"origin":14541,"position":3},"title":"Meble Negro uruchomi\u0142y produkcj\u0119","author":"forestor","date":"12 lipca 2016","format":false,"excerpt":"Czarne: Meble Negro uruchomi\u0142y produkcj\u0119 mebli tapicerowanych W nowym zak\u0142adzie firmy Meble Negro w miejscowo\u015bci Czarne, po\u0142o\u017conej na terenie S\u0142upskiej Strefy Ekonomicznej, uruchomiono produkcj\u0119 mebli tapicerowanych. Na dzia\u0142ce o powierzchni 7,9 ha wybudowano zak\u0142ad produkcyjno-magazynowy o powierzchni 35 tys. m2. Inwestycja kosztowa\u0142a ponad 30 mln z\u0142. W nowej fabryce zatrudnionych\u2026","rel":"","context":"W \u201eINWESTYCJE&quot;","block_context":{"text":"INWESTYCJE","link":"https:\/\/przemysldrzewny.eu\/index.php\/category\/invest\/"},"img":{"alt_text":"53ce4f23059fe_o,size,969x565,q,71,h,6c94f1","src":"https:\/\/i0.wp.com\/localhost\/check\/wp-content\/uploads\/2016\/07\/53ce4f23059fe_osize969x565q71h6c94f1-150x87.jpg?resize=350%2C200","width":350,"height":200},"classes":[]},{"id":11500,"url":"https:\/\/przemysldrzewny.eu\/index.php\/2022\/08\/21\/adams-group-zainwestuje-125-mln-zl-w-rozbudowe-zakladu\/","url_meta":{"origin":14541,"position":4},"title":"Adams Group zainwestuje 125 mln z\u0142 w rozbudow\u0119 zak\u0142adu","author":"forestor","date":"21 sierpnia 2022","format":false,"excerpt":"Adams Group rozpocz\u0119\u0142a inwestycj\u0119 o warto\u015bci 125 mln z\u0142, kt\u00f3rej uko\u0144czenie planowane jest w 2023 r. Producent mebli tapicerowanych wybuduje w Ligocie (woj. wielkopolskie) biurowiec wraz z kompleksem czterech hal produkcyjnych o \u0142\u0105cznej powierzchni 40 tys. m2, trzech magazyn\u00f3w buforowych, parkingu na 450 samochod\u00f3w osobowych, 180 bus\u00f3w oraz 50 ci\u0119\u017car\u00f3wek.\u2026","rel":"","context":"W \u201eINWESTYCJE&quot;","block_context":{"text":"INWESTYCJE","link":"https:\/\/przemysldrzewny.eu\/index.php\/category\/invest\/"},"img":{"alt_text":"","src":"","width":0,"height":0},"classes":[]},{"id":14873,"url":"https:\/\/przemysldrzewny.eu\/index.php\/2026\/08\/17\/dobre-miasto-dfm-rozbudowuje-fabryke-mebli\/","url_meta":{"origin":14541,"position":5},"title":"DOBRE MIASTO: DFM rozbudowuje fabryk\u0119 mebli","author":"ForestorKW","date":"17 sierpnia 2026","format":false,"excerpt":"Producent mebli tapicerowanych oficjalnie otrzyma\u0142 wsparcie w\u00a0ramach Polskiej Strefy Inwestycji. Sp\u00f3\u0142ka realizuje projekt o\u00a0warto\u015bci 115 mln z\u0142. Inwestycja obejmuje zakup grunt\u00f3w i\u00a0rozbudow\u0119 istniej\u0105cego zak\u0142adu, budow\u0119 nowych hal produkcyjnych (550 m\u00b2) i\u00a0magazynowych oraz zakup zaawansowanych maszyn automatyzuj\u0105cych procesy produkcyjne. Nowe urz\u0105dzenia technologiczne zwi\u0119ksz\u0105 powtarzalno\u015b\u0107 element\u00f3w sk\u0142adowych mebli (stela\u017cy, pianek i\u00a0tkanin), co\u2026","rel":"","context":"W \u201eINWESTYCJE&quot;","block_context":{"text":"INWESTYCJE","link":"https:\/\/przemysldrzewny.eu\/index.php\/category\/invest\/"},"img":{"alt_text":"","src":"https:\/\/i0.wp.com\/przemysldrzewny.eu\/wp-content\/uploads\/2026\/08\/image-5.png?fit=993%2C539&ssl=1&resize=350%2C200","width":350,"height":200,"srcset":"https:\/\/i0.wp.com\/przemysldrzewny.eu\/wp-content\/uploads\/2026\/08\/image-5.png?fit=993%2C539&ssl=1&resize=350%2C200 1x, https:\/\/i0.wp.com\/przemysldrzewny.eu\/wp-content\/uploads\/2026\/08\/image-5.png?fit=993%2C539&ssl=1&resize=525%2C300 1.5x, https:\/\/i0.wp.com\/przemysldrzewny.eu\/wp-content\/uploads\/2026\/08\/image-5.png?fit=993%2C539&ssl=1&resize=700%2C400 2x"},"classes":[]}],"jetpack_featured_media_url":"https:\/\/i0.wp.com\/przemysldrzewny.eu\/wp-content\/uploads\/2026\/02\/image-1.png?fit=302%2C562&ssl=1","_links":{"self":[{"href":"https:\/\/przemysldrzewny.eu\/index.php\/wp-json\/wp\/v2\/posts\/14541","targetHints":{"allow":["GET"]}}],"collection":[{"href":"https:\/\/przemysldrzewny.eu\/index.php\/wp-json\/wp\/v2\/posts"}],"about":[{"href":"https:\/\/przemysldrzewny.eu\/index.php\/wp-json\/wp\/v2\/types\/post"}],"author":[{"embeddable":true,"href":"https:\/\/przemysldrzewny.eu\/index.php\/wp-json\/wp\/v2\/users\/9"}],"replies":[{"embeddable":true,"href":"https:\/\/przemysldrzewny.eu\/index.php\/wp-json\/wp\/v2\/comments?post=14541"}],"version-history":[{"count":1,"href":"https:\/\/przemysldrzewny.eu\/index.php\/wp-json\/wp\/v2\/posts\/14541\/revisions"}],"predecessor-version":[{"id":14549,"href":"https:\/\/przemysldrzewny.eu\/index.php\/wp-json\/wp\/v2\/posts\/14541\/revisions\/14549"}],"wp:featuredmedia":[{"embeddable":true,"href":"https:\/\/przemysldrzewny.eu\/index.php\/wp-json\/wp\/v2\/media\/14548"}],"wp:attachment":[{"href":"https:\/\/przemysldrzewny.eu\/index.php\/wp-json\/wp\/v2\/media?parent=14541"}],"wp:term":[{"taxonomy":"category","embeddable":true,"href":"https:\/\/przemysldrzewny.eu\/index.php\/wp-json\/wp\/v2\/categories?post=14541"},{"taxonomy":"post_tag","embeddable":true,"href":"https:\/\/przemysldrzewny.eu\/index.php\/wp-json\/wp\/v2\/tags?post=14541"}],"curies":[{"name":"wp","href":"https:\/\/api.w.org\/{rel}","templated":true}]}}