{"id":14542,"date":"2026-02-12T12:04:15","date_gmt":"2026-02-12T11:04:15","guid":{"rendered":"https:\/\/przemysldrzewny.eu\/?p=14542"},"modified":"2026-02-18T11:29:42","modified_gmt":"2026-02-18T10:29:42","slug":"finlandia-nowy-zaklad-produkujacy-brykiet","status":"publish","type":"post","link":"https:\/\/przemysldrzewny.eu\/index.php\/2026\/02\/12\/finlandia-nowy-zaklad-produkujacy-brykiet\/","title":{"rendered":"Finlandia: Nowy zak\u0142ad produkuj\u0105cy brykiet"},"content":{"rendered":"\n<p class=\"wp-block-paragraph\">Koskisen zwi\u0119ksza efektywno\u015b\u0107 przerobu surowca, uruchamiaj\u0105c produkcj\u0119 brykiet\u00f3w w\u00a0nowym zak\u0142adzie dzia\u0142aj\u0105cym przy tartaku J\u00e4rvel\u00e4 w\u00a0Finlandii. Roczna zdolno\u015b\u0107 produkcyjna zak\u0142adu wynosi 10 tys. ton. Produkowane brykiety to suche, wydajne paliwo o\u00a0warto\u015bci opa\u0142owej od 4,7 do 5,2 MWh na ton\u0119, spe\u0142niaj\u0105ce norm\u0119 SFS-EN ISO 17827-1:2024 dla powszechnie stosowanej wielko\u015bci cz\u0105stek P63.<\/p>\n\n\n\n<p class=\"wp-block-paragraph\">Ca\u0142y artyku\u0142 przeczytasz w &#8222;Przemys\u0142 Drzewny&#8221; nr 1\/2026<\/p>\n\n\n\n<figure class=\"wp-block-embed is-type-wp-embed is-provider-przemys-drzewny-research-amp-development wp-block-embed-przemys-drzewny-research-amp-development\"><div class=\"wp-block-embed__wrapper\">\n<blockquote class=\"wp-embedded-content\" data-secret=\"xwzNy4a1RC\"><a href=\"https:\/\/przemysldrzewny.eu\/index.php\/produkt\/przemysl-drzewny-researchdevelopment-nr-1-2026-wydanie-elektroniczne-kopia\/\">Przemys\u0142 Drzewny. Research&#038;Development nr 1\/2026 &#8211; wydanie elektroniczne<\/a><\/blockquote><iframe loading=\"lazy\" class=\"wp-embedded-content\" sandbox=\"allow-scripts\" security=\"restricted\" style=\"position: absolute; visibility: hidden;\" title=\"&#8222;Przemys\u0142 Drzewny. Research&#038;Development nr 1\/2026 &#8211; wydanie elektroniczne&#8221; &#8212; Przemys\u0142 drzewny. Research&amp;Development\" src=\"https:\/\/przemysldrzewny.eu\/index.php\/produkt\/przemysl-drzewny-researchdevelopment-nr-1-2026-wydanie-elektroniczne-kopia\/embed\/#?secret=3ORNyWHgqu#?secret=xwzNy4a1RC\" data-secret=\"xwzNy4a1RC\" width=\"600\" height=\"338\" frameborder=\"0\" marginwidth=\"0\" marginheight=\"0\" scrolling=\"no\"><\/iframe>\n<\/div><\/figure>\n","protected":false},"excerpt":{"rendered":"<p>Koskisen zwi\u0119ksza efektywno\u015b\u0107 przerobu surowca, uruchamiaj\u0105c produkcj\u0119 brykiet\u00f3w w\u00a0nowym zak\u0142adzie dzia\u0142aj\u0105cym przy tartaku J\u00e4rvel\u00e4 w\u00a0Finlandii. Roczna zdolno\u015b\u0107 produkcyjna zak\u0142adu wynosi 10 tys. ton. Produkowane brykiety to suche, wydajne paliwo o\u00a0warto\u015bci [&hellip;]<\/p>\n","protected":false},"author":9,"featured_media":14569,"comment_status":"closed","ping_status":"closed","sticky":false,"template":"","format":"standard","meta":{"_jetpack_newsletter_access":"","_jetpack_dont_email_post_to_subs":false,"_jetpack_newsletter_tier_id":0,"_jetpack_memberships_contains_paywalled_content":false,"_jetpack_feature_clip_id":0,"_jetpack_memberships_contains_paid_content":false,"footnotes":"","jetpack_post_was_ever_published":false},"categories":[23,35],"tags":[],"class_list":["post-14542","post","type-post","status-publish","format-standard","has-post-thumbnail","hentry","category-invest","category-ze-swiata"],"jetpack_likes_enabled":true,"jetpack_sharing_enabled":true,"jetpack-related-posts":[{"id":14870,"url":"https:\/\/przemysldrzewny.eu\/index.php\/2026\/08\/17\/zagorcze-zrobotyzowana-linia-epal\/","url_meta":{"origin":14542,"position":0},"title":"ZAG\u00d3RCZE: Zrobotyzowana linia EPAL","author":"ForestorKW","date":"17 sierpnia 2026","format":false,"excerpt":"Producent palet Gambex Go\u0142\u0105bek sp. k. zainstalowa\u0142 w\u00a0pe\u0142ni automatyczn\u0105 lini\u0119 produkcji palet EPAL, wyposa\u017con\u0105 w\u00a0dwie zbijarki CNC oraz roboty przemys\u0142owe IoT do za\u0142adunku wspornik\u00f3w i\u00a0desek 800 mm. Na inwestycj\u0119 o\u00a0warto\u015bci 1 446 657,12 z\u0142 uzyskano dotacj\u0119 ze \u015brodk\u00f3w Europejskiego Funduszu Rozwoju Regionalnego. Ca\u0142y artyku\u0142 przeczytasz w \"Przemys\u0142 Drzewny\" nr 3\/2026\u2026","rel":"","context":"W \u201eINWESTYCJE&quot;","block_context":{"text":"INWESTYCJE","link":"https:\/\/przemysldrzewny.eu\/index.php\/category\/invest\/"},"img":{"alt_text":"","src":"https:\/\/i0.wp.com\/przemysldrzewny.eu\/wp-content\/uploads\/2026\/08\/image.png?fit=647%2C486&ssl=1&resize=350%2C200","width":350,"height":200,"srcset":"https:\/\/i0.wp.com\/przemysldrzewny.eu\/wp-content\/uploads\/2026\/08\/image.png?fit=647%2C486&ssl=1&resize=350%2C200 1x, https:\/\/i0.wp.com\/przemysldrzewny.eu\/wp-content\/uploads\/2026\/08\/image.png?fit=647%2C486&ssl=1&resize=525%2C300 1.5x"},"classes":[]},{"id":8327,"url":"https:\/\/przemysldrzewny.eu\/index.php\/2021\/08\/29\/austria-stabilny-przemysl-drzewny-pomimo-pandemii\/","url_meta":{"origin":14542,"position":1},"title":"Austria: Stabilny przemys\u0142 drzewny pomimo pandemii","author":"forestor","date":"29 sierpnia 2021","format":false,"excerpt":"Przemys\u0142 drzewny w Austrii utrzyma\u0142 wysokie wska\u017aniki pomimo ogranicze\u0144 zwi\u0105zanych z pandemi\u0105 w 2020 r. Prawie1300 firm zajmuj\u0105cych si\u0119 obr\u00f3bk\u0105 drewna w bran\u017cy budowlanej, meblarskiej, p\u0142ytowej, tartacznej wygenerowa\u0142o w ubieg\u0142ym roku wolumen produkcji o warto\u015bci 8 mld euro. Wypracowany ubieg\u0142oroczny wynik jest o 4,7% ni\u017cszyw por\u00f3wnaniu do roku 2019. Ca\u0142y\u2026","rel":"","context":"W \u201eLASY I DREWNO&quot;","block_context":{"text":"LASY I DREWNO","link":"https:\/\/przemysldrzewny.eu\/index.php\/category\/lesnictwo\/"},"img":{"alt_text":"","src":"","width":0,"height":0},"classes":[]},{"id":14871,"url":"https:\/\/przemysldrzewny.eu\/index.php\/2026\/08\/17\/szwecja-poglebiaja-sie-straty-setry\/","url_meta":{"origin":14542,"position":2},"title":"Szwecja: Pog\u0142\u0119biaj\u0105 si\u0119 straty Setry","author":"ForestorKW","date":"17 sierpnia 2026","format":false,"excerpt":"Setra odnotowa\u0142a strat\u0119 operacyjn\u0105 w\u00a0wysoko\u015bci 47 mln z\u0142 za pierwszy kwarta\u0142 2026 r. w\u00a0por\u00f3wnaniu ze strat\u0105 w\u00a0wysoko\u015bci 29 mln z\u0142 w\u00a0analogicznym okresie ubieg\u0142ego roku. Spowodowane jest to utrzymuj\u0105c\u0105 si\u0119 ostro\u017cno\u015bci\u0105 rynku i\u00a0brakiem r\u00f3wnowagi mi\u0119dzy cenami wyrob\u00f3w gotowych a\u00a0kosztami surowc\u00f3w. Mar\u017ca operacyjna wynios\u0142a -9,0%. Silniejsza korona szwedzka w\u00a0pierwszych miesi\u0105cach roku, kt\u00f3ra\u2026","rel":"","context":"W \u201eZe \u015bwiata&quot;","block_context":{"text":"Ze \u015bwiata","link":"https:\/\/przemysldrzewny.eu\/index.php\/category\/ze-swiata\/"},"img":{"alt_text":"","src":"https:\/\/i0.wp.com\/przemysldrzewny.eu\/wp-content\/uploads\/2026\/08\/image-7.png?fit=415%2C282&ssl=1&resize=350%2C200","width":350,"height":200},"classes":[]},{"id":1406,"url":"https:\/\/przemysldrzewny.eu\/index.php\/2015\/05\/15\/przemysl-drzewny-na-ligna\/","url_meta":{"origin":14542,"position":3},"title":"Przemys\u0142 drzewny na LIGNA","author":"forestor","date":"15 maja 2015","format":false,"excerpt":"Przemys\u0142 drzewny.Research&Development by\u0142 obecny na najwi\u0119kszych na \u015bwiecie targach dla przemys\u0142u drzewnego LIGNA w Hanowerze, kt\u00f3re odby\u0142y si\u0119 w maju 2015 roku. Drug\u0105 nacj\u0105 pod wzgl\u0119dem liczby zwiedzaj\u0105cych po Niemcach byli Polacy. Nie mog\u0142o wi\u0119c zabrakn\u0105\u0107 najlepszej polskiej gazety bran\u017cowej i jej reporter\u00f3w.","rel":"","context":"W \u201eTARGI I KONFERENCJE&quot;","block_context":{"text":"TARGI I KONFERENCJE","link":"https:\/\/przemysldrzewny.eu\/index.php\/category\/czasopismo-na-targach\/"},"img":{"alt_text":"","src":"","width":0,"height":0},"classes":[]},{"id":14541,"url":"https:\/\/przemysldrzewny.eu\/index.php\/2026\/02\/12\/bialystok-forte-robi-krok-w-kierunku-mebli-tapicerowanych\/","url_meta":{"origin":14542,"position":4},"title":"BIA\u0141YSTOK: FORTE robi krok w kierunku mebli tapicerowanych","author":"ForestorKW","date":"12 lutego 2026","format":false,"excerpt":"Grupa Forte S.A. (nowa nazwa sp\u00f3\u0142ki od wrze\u015bnia br.) zg\u0142osi\u0142a zamiar przej\u0119cia firmy SPECIFIC \u2013 producenta mebli tapicerowanych \u2013 co wymaga zatwierdzenia przez UOKiK wniosku o\u00a0koncentracj\u0119. Zosta\u0142 on z\u0142o\u017cony pod koniec listopada 2025 r. Rok wcze\u015bniej FORTE zwi\u0119kszy\u0142o pakiet udzia\u0142\u00f3w w\u00a0SPECIFIC do 51%, staj\u0105c si\u0119 jednostk\u0105 dominuj\u0105c\u0105. Warto doda\u0107, \u017ce\u2026","rel":"","context":"W \u201eMEBLARSTWO&quot;","block_context":{"text":"MEBLARSTWO","link":"https:\/\/przemysldrzewny.eu\/index.php\/category\/meblarstwo\/"},"img":{"alt_text":"","src":"https:\/\/i0.wp.com\/przemysldrzewny.eu\/wp-content\/uploads\/2026\/02\/image-1.png?fit=302%2C562&ssl=1&resize=350%2C200","width":350,"height":200},"classes":[]},{"id":14898,"url":"https:\/\/przemysldrzewny.eu\/index.php\/2026\/08\/17\/szwajcaria-ruszyla-produkcja-plyt-izolacyjnych-lignatherm\/","url_meta":{"origin":14542,"position":5},"title":"Szwajcaria: Ruszy\u0142a produkcja p\u0142yt izolacyjnych LIGNATHERM","author":"ForestorKW","date":"17 sierpnia 2026","format":false,"excerpt":"Firma Schilliger Holz AG uruchomi\u0142a w\u00a0Szwajcarii produkcj\u0119 p\u0142yt izolacyjnych z\u00a0w\u0142\u00f3kna drzewnego LIGNATHERM, inwestuj\u0105c w\u00a0nowy zak\u0142ad w\u00a0K\u00fcssnacht am Rigi ponad 100 mln CHF (465 mln z\u0142). Fabryka b\u0119dzie przetwarza\u0107 ok. 50 tys. ton zr\u0119bk\u00f3w drzewnych rocznie, wykorzystuj\u0105c odpady z\u00a0tartak\u00f3w do produkcji materia\u0142\u00f3w izolacyjnych o\u00a0wysokiej warto\u015bci dodanej. Inwestycja przywraca krajow\u0105 produkcj\u0119 tego\u2026","rel":"","context":"W \u201eINWESTYCJE&quot;","block_context":{"text":"INWESTYCJE","link":"https:\/\/przemysldrzewny.eu\/index.php\/category\/invest\/"},"img":{"alt_text":"","src":"https:\/\/i0.wp.com\/przemysldrzewny.eu\/wp-content\/uploads\/2026\/08\/image-12.png?fit=647%2C399&ssl=1&resize=350%2C200","width":350,"height":200,"srcset":"https:\/\/i0.wp.com\/przemysldrzewny.eu\/wp-content\/uploads\/2026\/08\/image-12.png?fit=647%2C399&ssl=1&resize=350%2C200 1x, https:\/\/i0.wp.com\/przemysldrzewny.eu\/wp-content\/uploads\/2026\/08\/image-12.png?fit=647%2C399&ssl=1&resize=525%2C300 1.5x"},"classes":[]}],"jetpack_featured_media_url":"https:\/\/i0.wp.com\/przemysldrzewny.eu\/wp-content\/uploads\/2026\/02\/image-7.png?fit=648%2C460&ssl=1","_links":{"self":[{"href":"https:\/\/przemysldrzewny.eu\/index.php\/wp-json\/wp\/v2\/posts\/14542","targetHints":{"allow":["GET"]}}],"collection":[{"href":"https:\/\/przemysldrzewny.eu\/index.php\/wp-json\/wp\/v2\/posts"}],"about":[{"href":"https:\/\/przemysldrzewny.eu\/index.php\/wp-json\/wp\/v2\/types\/post"}],"author":[{"embeddable":true,"href":"https:\/\/przemysldrzewny.eu\/index.php\/wp-json\/wp\/v2\/users\/9"}],"replies":[{"embeddable":true,"href":"https:\/\/przemysldrzewny.eu\/index.php\/wp-json\/wp\/v2\/comments?post=14542"}],"version-history":[{"count":1,"href":"https:\/\/przemysldrzewny.eu\/index.php\/wp-json\/wp\/v2\/posts\/14542\/revisions"}],"predecessor-version":[{"id":14570,"href":"https:\/\/przemysldrzewny.eu\/index.php\/wp-json\/wp\/v2\/posts\/14542\/revisions\/14570"}],"wp:featuredmedia":[{"embeddable":true,"href":"https:\/\/przemysldrzewny.eu\/index.php\/wp-json\/wp\/v2\/media\/14569"}],"wp:attachment":[{"href":"https:\/\/przemysldrzewny.eu\/index.php\/wp-json\/wp\/v2\/media?parent=14542"}],"wp:term":[{"taxonomy":"category","embeddable":true,"href":"https:\/\/przemysldrzewny.eu\/index.php\/wp-json\/wp\/v2\/categories?post=14542"},{"taxonomy":"post_tag","embeddable":true,"href":"https:\/\/przemysldrzewny.eu\/index.php\/wp-json\/wp\/v2\/tags?post=14542"}],"curies":[{"name":"wp","href":"https:\/\/api.w.org\/{rel}","templated":true}]}}