{"id":14664,"date":"2026-04-22T09:31:18","date_gmt":"2026-04-22T07:31:18","guid":{"rendered":"https:\/\/przemysldrzewny.eu\/?p=14664"},"modified":"2026-04-27T13:47:46","modified_gmt":"2026-04-27T11:47:46","slug":"liczy-sie-kazdy-detal","status":"publish","type":"post","link":"https:\/\/przemysldrzewny.eu\/index.php\/2026\/04\/22\/liczy-sie-kazdy-detal\/","title":{"rendered":"Liczy si\u0119 ka\u017cdy detal:"},"content":{"rendered":"\n<h2 class=\"wp-block-heading\"><strong>Furnitech Expo i Furniture Contract Expo 2026<\/strong><\/h2>\n\n\n\n<p>Furnitech Expo oraz Furniture Contract Expo 2026 to jedne z najwa\u017cniejszych wydarze\u0144 bran\u017cy meblarskiej w Polsce i Europie \u015arodkowo-Wschodniej. W dniach <strong>26\u201328 maja 2026<\/strong> w <strong>Ptak Warsaw Expo<\/strong> spotkaj\u0105 si\u0119 producenci, projektanci, architekci i inwestorzy, tworz\u0105c przestrze\u0144 obejmuj\u0105c\u0105 ca\u0142y \u0142a\u0144cuch warto\u015bci rynku \u2013 od technologii i komponent\u00f3w po gotowe rozwi\u0105zania dla biznesu.<\/p>\n\n\n\n<div class=\"wp-block-jetpack-slideshow aligncenter\" data-effect=\"slide\" style=\"--aspect-ratio:calc(300 \/ 200)\"><div class=\"wp-block-jetpack-slideshow_container swiper\"><ul class=\"wp-block-jetpack-slideshow_swiper-wrapper swiper-wrapper\"><li class=\"wp-block-jetpack-slideshow_slide swiper-slide\"><figure><img data-recalc-dims=\"1\" loading=\"lazy\" decoding=\"async\" width=\"640\" height=\"427\" alt=\"\" class=\"wp-block-jetpack-slideshow_image wp-image-14670\" data-id=\"14670\" data-aspect-ratio=\"300 \/ 200\" src=\"https:\/\/i0.wp.com\/przemysldrzewny.eu\/wp-content\/uploads\/2026\/04\/ptak4.jpg?resize=640%2C427&#038;ssl=1\" srcset=\"https:\/\/i0.wp.com\/przemysldrzewny.eu\/wp-content\/uploads\/2026\/04\/ptak4-scaled.jpg?resize=1024%2C683&amp;ssl=1 1024w, https:\/\/i0.wp.com\/przemysldrzewny.eu\/wp-content\/uploads\/2026\/04\/ptak4-scaled.jpg?resize=300%2C200&amp;ssl=1 300w, https:\/\/i0.wp.com\/przemysldrzewny.eu\/wp-content\/uploads\/2026\/04\/ptak4-scaled.jpg?resize=768%2C512&amp;ssl=1 768w, https:\/\/i0.wp.com\/przemysldrzewny.eu\/wp-content\/uploads\/2026\/04\/ptak4-scaled.jpg?resize=1536%2C1024&amp;ssl=1 1536w, https:\/\/i0.wp.com\/przemysldrzewny.eu\/wp-content\/uploads\/2026\/04\/ptak4-scaled.jpg?resize=2048%2C1365&amp;ssl=1 2048w, https:\/\/i0.wp.com\/przemysldrzewny.eu\/wp-content\/uploads\/2026\/04\/ptak4-scaled.jpg?w=1280&amp;ssl=1 1280w, https:\/\/i0.wp.com\/przemysldrzewny.eu\/wp-content\/uploads\/2026\/04\/ptak4-scaled.jpg?w=1920&amp;ssl=1 1920w\" sizes=\"(max-width: 640px) 100vw, 640px\" \/><\/figure><\/li><li class=\"wp-block-jetpack-slideshow_slide swiper-slide\"><figure><img data-recalc-dims=\"1\" loading=\"lazy\" decoding=\"async\" width=\"640\" height=\"427\" alt=\"\" class=\"wp-block-jetpack-slideshow_image wp-image-14668\" data-id=\"14668\" data-aspect-ratio=\"300 \/ 200\" src=\"https:\/\/i0.wp.com\/przemysldrzewny.eu\/wp-content\/uploads\/2026\/04\/ptak3.jpg?resize=640%2C427&#038;ssl=1\" srcset=\"https:\/\/i0.wp.com\/przemysldrzewny.eu\/wp-content\/uploads\/2026\/04\/ptak3-scaled.jpg?resize=1024%2C683&amp;ssl=1 1024w, https:\/\/i0.wp.com\/przemysldrzewny.eu\/wp-content\/uploads\/2026\/04\/ptak3-scaled.jpg?resize=300%2C200&amp;ssl=1 300w, https:\/\/i0.wp.com\/przemysldrzewny.eu\/wp-content\/uploads\/2026\/04\/ptak3-scaled.jpg?resize=768%2C512&amp;ssl=1 768w, https:\/\/i0.wp.com\/przemysldrzewny.eu\/wp-content\/uploads\/2026\/04\/ptak3-scaled.jpg?resize=1536%2C1024&amp;ssl=1 1536w, https:\/\/i0.wp.com\/przemysldrzewny.eu\/wp-content\/uploads\/2026\/04\/ptak3-scaled.jpg?resize=2048%2C1365&amp;ssl=1 2048w, https:\/\/i0.wp.com\/przemysldrzewny.eu\/wp-content\/uploads\/2026\/04\/ptak3-scaled.jpg?w=1280&amp;ssl=1 1280w, https:\/\/i0.wp.com\/przemysldrzewny.eu\/wp-content\/uploads\/2026\/04\/ptak3-scaled.jpg?w=1920&amp;ssl=1 1920w\" sizes=\"(max-width: 640px) 100vw, 640px\" \/><\/figure><\/li><li class=\"wp-block-jetpack-slideshow_slide swiper-slide\"><figure><img data-recalc-dims=\"1\" loading=\"lazy\" decoding=\"async\" width=\"640\" height=\"427\" alt=\"\" class=\"wp-block-jetpack-slideshow_image wp-image-14667\" data-id=\"14667\" data-aspect-ratio=\"300 \/ 200\" src=\"https:\/\/i0.wp.com\/przemysldrzewny.eu\/wp-content\/uploads\/2026\/04\/ptak2.jpg?resize=640%2C427&#038;ssl=1\" srcset=\"https:\/\/i0.wp.com\/przemysldrzewny.eu\/wp-content\/uploads\/2026\/04\/ptak2-scaled.jpg?resize=1024%2C683&amp;ssl=1 1024w, https:\/\/i0.wp.com\/przemysldrzewny.eu\/wp-content\/uploads\/2026\/04\/ptak2-scaled.jpg?resize=300%2C200&amp;ssl=1 300w, https:\/\/i0.wp.com\/przemysldrzewny.eu\/wp-content\/uploads\/2026\/04\/ptak2-scaled.jpg?resize=768%2C512&amp;ssl=1 768w, https:\/\/i0.wp.com\/przemysldrzewny.eu\/wp-content\/uploads\/2026\/04\/ptak2-scaled.jpg?resize=1536%2C1024&amp;ssl=1 1536w, https:\/\/i0.wp.com\/przemysldrzewny.eu\/wp-content\/uploads\/2026\/04\/ptak2-scaled.jpg?resize=2048%2C1365&amp;ssl=1 2048w, https:\/\/i0.wp.com\/przemysldrzewny.eu\/wp-content\/uploads\/2026\/04\/ptak2-scaled.jpg?w=1280&amp;ssl=1 1280w, https:\/\/i0.wp.com\/przemysldrzewny.eu\/wp-content\/uploads\/2026\/04\/ptak2-scaled.jpg?w=1920&amp;ssl=1 1920w\" sizes=\"(max-width: 640px) 100vw, 640px\" \/><\/figure><\/li><li class=\"wp-block-jetpack-slideshow_slide swiper-slide\"><figure><img data-recalc-dims=\"1\" loading=\"lazy\" decoding=\"async\" width=\"640\" height=\"427\" alt=\"\" class=\"wp-block-jetpack-slideshow_image wp-image-14669\" data-id=\"14669\" data-aspect-ratio=\"300 \/ 200\" src=\"https:\/\/i0.wp.com\/przemysldrzewny.eu\/wp-content\/uploads\/2026\/04\/ptak1.jpg?resize=640%2C427&#038;ssl=1\" srcset=\"https:\/\/i0.wp.com\/przemysldrzewny.eu\/wp-content\/uploads\/2026\/04\/ptak1-scaled.jpg?resize=1024%2C683&amp;ssl=1 1024w, https:\/\/i0.wp.com\/przemysldrzewny.eu\/wp-content\/uploads\/2026\/04\/ptak1-scaled.jpg?resize=300%2C200&amp;ssl=1 300w, https:\/\/i0.wp.com\/przemysldrzewny.eu\/wp-content\/uploads\/2026\/04\/ptak1-scaled.jpg?resize=768%2C512&amp;ssl=1 768w, https:\/\/i0.wp.com\/przemysldrzewny.eu\/wp-content\/uploads\/2026\/04\/ptak1-scaled.jpg?resize=1536%2C1024&amp;ssl=1 1536w, https:\/\/i0.wp.com\/przemysldrzewny.eu\/wp-content\/uploads\/2026\/04\/ptak1-scaled.jpg?resize=2048%2C1365&amp;ssl=1 2048w, https:\/\/i0.wp.com\/przemysldrzewny.eu\/wp-content\/uploads\/2026\/04\/ptak1-scaled.jpg?w=1280&amp;ssl=1 1280w, https:\/\/i0.wp.com\/przemysldrzewny.eu\/wp-content\/uploads\/2026\/04\/ptak1-scaled.jpg?w=1920&amp;ssl=1 1920w\" sizes=\"(max-width: 640px) 100vw, 640px\" \/><\/figure><\/li><\/ul><a class=\"wp-block-jetpack-slideshow_button-prev swiper-button-prev swiper-button-white\" role=\"button\"><\/a><a class=\"wp-block-jetpack-slideshow_button-next swiper-button-next swiper-button-white\" role=\"button\"><\/a><a aria-label=\"Pause Slideshow\" class=\"wp-block-jetpack-slideshow_button-pause\" role=\"button\"><\/a><div class=\"wp-block-jetpack-slideshow_pagination swiper-pagination swiper-pagination-white\"><\/div><\/div><\/div>\n\n\n\n<p>Si\u0142\u0105 wydarzenia jest synergia dw\u00f3ch targ\u00f3w. <strong>Furnitech Expo<\/strong> koncentruje si\u0119 na nowoczesnych technologiach produkcji, automatyzacji, robotyzacji i ekologicznych materia\u0142ach, natomiast <strong>Furniture Contract Expo<\/strong> prezentuje wyposa\u017cenie wn\u0119trz dla sektora B2B \u2013 biur, hoteli i przestrzeni publicznych. Dzi\u0119ki temu uczestnicy zyskuj\u0105 pe\u0142ny obraz rynku \u2013 od projektu po finalne zastosowanie.<\/p>\n\n\n\n<p>Targi to tak\u017ce bogaty program merytoryczny, w tym konferencja <strong>\u201eUrok mebli tkwi w detalu\u201d<\/strong>, po\u015bwi\u0119cona znaczeniu jako\u015bci, funkcjonalno\u015bci i \u015bwiadomego projektowania. Nowo\u015bci\u0105 b\u0119dzie strefa podcastowa, oferuj\u0105ca rozmowy z ekspertami i liderami bran\u017cy, kt\u00f3re przybli\u017c\u0105 realia rynku i strategie rozwoju.<\/p>\n\n\n\n<p>Wydarzenie wspieraj\u0105 uznane media i instytucje bran\u017cowe, zapewniaj\u0105c dost\u0119p do rzetelnej wiedzy i aktualnych trend\u00f3w. Targi oferuj\u0105 r\u00f3wnie\u017c szerokie mo\u017cliwo\u015bci networkingowe \u2013 spotkania B2B i bezpo\u015bredni kontakt z partnerami biznesowymi.<\/p>\n\n\n\n<p><strong>Furnitech Expo i Furniture Contract Expo 2026<\/strong> to miejsce, gdzie technologia spotyka si\u0119 z designem, a biznes z inspiracj\u0105. To wydarzenie dla wszystkich, kt\u00f3rzy chc\u0105 rozwija\u0107 si\u0119, budowa\u0107 relacje i by\u0107 cz\u0119\u015bci\u0105 przysz\u0142o\u015bci bran\u017cy meblarskiej<\/p>\n\n\n\n<p><strong>Wi\u0119cej informacji o wydarzeniach dost\u0119pnych jest na stronach:&nbsp;<\/strong><\/p>\n\n\n\n<figure class=\"wp-block-embed is-type-wp-embed is-provider-furnitech-expo wp-block-embed-furnitech-expo\"><div class=\"wp-block-embed__wrapper\">\n<blockquote class=\"wp-embedded-content\" data-secret=\"laquTWaRme\"><a href=\"https:\/\/furnitechexpo.pl\/\" target=\"_blank\" rel=\"noopener\">Mi\u0119dzynarodowe Targi Komponent\u00f3w i Technologii Meblarskich<\/a><\/blockquote><iframe loading=\"lazy\" class=\"wp-embedded-content\" sandbox=\"allow-scripts\" security=\"restricted\" style=\"position: absolute; visibility: hidden;\" title=\"&#8222;Mi\u0119dzynarodowe Targi Komponent\u00f3w i Technologii Meblarskich&#8221; &#8212; Furnitech Expo\" src=\"https:\/\/furnitechexpo.pl\/embed\/#?secret=DZQL8N2vRt#?secret=laquTWaRme\" data-secret=\"laquTWaRme\" width=\"600\" height=\"338\" frameborder=\"0\" marginwidth=\"0\" marginheight=\"0\" scrolling=\"no\"><\/iframe>\n<\/div><\/figure>\n\n\n\n<figure class=\"wp-block-embed is-type-wp-embed is-provider-furniture-contract-expo wp-block-embed-furniture-contract-expo\"><div class=\"wp-block-embed__wrapper\">\n<blockquote class=\"wp-embedded-content\" data-secret=\"OvfnZh4din\"><a href=\"https:\/\/furniturecontractexpo.com\/\" target=\"_blank\" rel=\"noopener\">Strona g\u0142\u00f3wna<\/a><\/blockquote><iframe loading=\"lazy\" class=\"wp-embedded-content\" sandbox=\"allow-scripts\" security=\"restricted\" style=\"position: absolute; visibility: hidden;\" title=\"&#8222;Strona g\u0142\u00f3wna&#8221; &#8212; Furniture Contract Expo\" src=\"https:\/\/furniturecontractexpo.com\/embed\/#?secret=CKVuQ67pJQ#?secret=OvfnZh4din\" data-secret=\"OvfnZh4din\" width=\"600\" height=\"338\" frameborder=\"0\" marginwidth=\"0\" marginheight=\"0\" scrolling=\"no\"><\/iframe>\n<\/div><\/figure>\n","protected":false},"excerpt":{"rendered":"<p>Furnitech Expo i Furniture Contract Expo 2026 Furnitech Expo oraz Furniture Contract Expo 2026 to jedne z najwa\u017cniejszych wydarze\u0144 bran\u017cy meblarskiej w Polsce i Europie \u015arodkowo-Wschodniej. W dniach 26\u201328 maja [&hellip;]<\/p>\n","protected":false},"author":2,"featured_media":14667,"comment_status":"closed","ping_status":"closed","sticky":false,"template":"","format":"standard","meta":{"_jetpack_memberships_contains_paid_content":false,"footnotes":""},"categories":[18],"tags":[],"class_list":["post-14664","post","type-post","status-publish","format-standard","has-post-thumbnail","hentry","category-czasopismo-na-targach"],"jetpack_featured_media_url":"https:\/\/i0.wp.com\/przemysldrzewny.eu\/wp-content\/uploads\/2026\/04\/ptak2-scaled.jpg?fit=2560%2C1707&ssl=1","jetpack_likes_enabled":true,"jetpack_sharing_enabled":true,"jetpack-related-posts":[{"id":14525,"url":"https:\/\/przemysldrzewny.eu\/index.php\/2026\/02\/03\/wood-tech-warsaw-expo-2026\/","url_meta":{"origin":14664,"position":0},"title":"Wood Tech Warsaw Expo 2026","author":"forestor","date":"3 lutego 2026","format":false,"excerpt":"\u2013 kluczowe spotkanie europejskiej bran\u017cy drzewnej w Warszawie W dniach 17\u201319 marca 2026 roku w Ptak Warsaw Expo odb\u0119dzie si\u0119 kolejna edycja targ\u00f3w Wood Tech Warsaw Expo \u2013 najwi\u0119kszego w Polsce wydarzenia po\u015bwi\u0119conego technologiom obr\u00f3bki drewna oraz nowoczesnym rozwi\u0105zaniom dla przemys\u0142u drzewnego i meblarskiego. Targi od lat przyci\u0105gaj\u0105 uwag\u0119 profesjonalist\u00f3w\u2026","rel":"","context":"W \u201eTARGI I KONFERENCJE&quot;","block_context":{"text":"TARGI I KONFERENCJE","link":"https:\/\/przemysldrzewny.eu\/index.php\/category\/czasopismo-na-targach\/"},"img":{"alt_text":"","src":"https:\/\/i0.wp.com\/przemysldrzewny.eu\/wp-content\/uploads\/2026\/02\/wood_tech_galeria_2025_12_-1.webp?fit=1200%2C800&ssl=1&resize=350%2C200","width":350,"height":200,"srcset":"https:\/\/i0.wp.com\/przemysldrzewny.eu\/wp-content\/uploads\/2026\/02\/wood_tech_galeria_2025_12_-1.webp?fit=1200%2C800&ssl=1&resize=350%2C200 1x, https:\/\/i0.wp.com\/przemysldrzewny.eu\/wp-content\/uploads\/2026\/02\/wood_tech_galeria_2025_12_-1.webp?fit=1200%2C800&ssl=1&resize=525%2C300 1.5x, https:\/\/i0.wp.com\/przemysldrzewny.eu\/wp-content\/uploads\/2026\/02\/wood_tech_galeria_2025_12_-1.webp?fit=1200%2C800&ssl=1&resize=700%2C400 2x, https:\/\/i0.wp.com\/przemysldrzewny.eu\/wp-content\/uploads\/2026\/02\/wood_tech_galeria_2025_12_-1.webp?fit=1200%2C800&ssl=1&resize=1050%2C600 3x"},"classes":[]},{"id":14030,"url":"https:\/\/przemysldrzewny.eu\/index.php\/2025\/08\/11\/forestech-expo-poland-2025-w-listopadzie\/","url_meta":{"origin":14664,"position":1},"title":"FORESTech\u00a0Expo\u00a0Poland\u00a02025 w listopadzie","author":"forestor","date":"11 sierpnia 2025","format":false,"excerpt":"\u2013 technologia jutra dla le\u015bnictwa i przemys\u0142u drzewnego \ud83c\udf3f Debiut FORESTech\u00a0Expo\u00a0Poland Przegl\u0105d innowacyjnych technologii Organizatorzy k\u0142ad\u0105 nacisk na innowacyjno\u015b\u0107. Zwiedzaj\u0105cy zobacz\u0105 w akcji najnowsze harvestery, forwardery i skidery, zaawansowane linie tartaczne, a tak\u017ce rozwi\u0105zania IT \u2013 od system\u00f3w GIS i ERP po oprogramowanie do planowania gospodarki le\u015bnej i monitoringu zasob\u00f3w.\u2026","rel":"","context":"W \u201eTARGI I KONFERENCJE&quot;","block_context":{"text":"TARGI I KONFERENCJE","link":"https:\/\/przemysldrzewny.eu\/index.php\/category\/czasopismo-na-targach\/"},"img":{"alt_text":"","src":"https:\/\/i0.wp.com\/przemysldrzewny.eu\/wp-content\/uploads\/2025\/08\/foress-1.png?fit=1198%2C637&ssl=1&resize=350%2C200","width":350,"height":200,"srcset":"https:\/\/i0.wp.com\/przemysldrzewny.eu\/wp-content\/uploads\/2025\/08\/foress-1.png?fit=1198%2C637&ssl=1&resize=350%2C200 1x, https:\/\/i0.wp.com\/przemysldrzewny.eu\/wp-content\/uploads\/2025\/08\/foress-1.png?fit=1198%2C637&ssl=1&resize=525%2C300 1.5x, https:\/\/i0.wp.com\/przemysldrzewny.eu\/wp-content\/uploads\/2025\/08\/foress-1.png?fit=1198%2C637&ssl=1&resize=700%2C400 2x, https:\/\/i0.wp.com\/przemysldrzewny.eu\/wp-content\/uploads\/2025\/08\/foress-1.png?fit=1198%2C637&ssl=1&resize=1050%2C600 3x"},"classes":[]},{"id":1828,"url":"https:\/\/przemysldrzewny.eu\/index.php\/2016\/01\/11\/obraz-na-plycie-jak-tafla-szkla\/","url_meta":{"origin":14664,"position":2},"title":"Obraz na p\u0142ycie jak tafla szk\u0142a","author":"forestor","date":"11 stycznia 2016","format":false,"excerpt":"W Polsce wiele firm posiada ju\u017c w swoim parku maszynowym drukarki UV, ale s\u0105 to zazwyczaj maszyny aplikuj\u0105ce lakier matowy, co nie zawsze pozwala na osi\u0105gni\u0119cie za\u0142o\u017conego efektu wizualnego. Pierwsza w Polsce Stworzona w firmie Expo-Drew linia uszlachetniania UV jako pierwsza w Polsce umo\u017cliwia bezpo\u015bredni nadruk lakieru z po\u0142yskiem na\u2026","rel":"","context":"W \u201eTECHNIKA I TECHNOLOGIA&quot;","block_context":{"text":"TECHNIKA I TECHNOLOGIA","link":"https:\/\/przemysldrzewny.eu\/index.php\/category\/technika-i-technologia\/"},"img":{"alt_text":"IMG_1067","src":"https:\/\/i0.wp.com\/localhost\/check\/wp-content\/uploads\/2016\/01\/IMG_1067-150x100.jpg?resize=350%2C200","width":350,"height":200},"classes":[]},{"id":2484,"url":"https:\/\/przemysldrzewny.eu\/index.php\/2016\/07\/12\/lx-nowa-seria-maszyn-wood-mizer\/","url_meta":{"origin":14664,"position":3},"title":"LX &#8211; Nowa seria maszyn  Wood-Mizer","author":"forestor","date":"12 lipca 2016","format":false,"excerpt":"W Kielcach na targach LAS-EXPO odby\u0142 si\u0119 premierowy pokaz nowej maszyny z serii LX. Model LX100 jest pierwsz\u0105 z linii maszyn Wood-Mizer, kt\u00f3ra zosta\u0142a zmieniona praktycznie od podstaw zgodnie z oczekiwaniami u\u017cytkownik\u00f3w. Trak LX100 zosta\u0142 zaprojektowany do przecierania drewna okr\u0105g\u0142ego w systemie wielozmianowym. Dlatego wyposa\u017cono go w wiele innowacyjnych rozwi\u0105za\u0144\u2026","rel":"","context":"W \u201eTECHNIKA I TECHNOLOGIA&quot;","block_context":{"text":"TECHNIKA I TECHNOLOGIA","link":"https:\/\/przemysldrzewny.eu\/index.php\/category\/technika-i-technologia\/"},"img":{"alt_text":"unspecified","src":"https:\/\/i0.wp.com\/localhost\/check\/wp-content\/uploads\/2016\/07\/unspecified-150x100.png?resize=350%2C200","width":350,"height":200},"classes":[]},{"id":14593,"url":"https:\/\/przemysldrzewny.eu\/index.php\/2026\/02\/12\/polski-rynek-drewna-miedzy-polityka-klimatem-a-rachunkiem-ekonomicznym\/","url_meta":{"origin":14664,"position":4},"title":"Polski rynek drewna mi\u0119dzy polityk\u0105, klimatem a rachunkiem ekonomicznym","author":"ForestorKW","date":"12 lutego 2026","format":false,"excerpt":"Rok 2025 nie by\u0142 rokiem spektakularnych zwrot\u00f3w akcji, lecz okresem, w\u00a0kt\u00f3rym bran\u017ca nauczy\u0142a si\u0119 funkcjonowa\u0107 w\u00a0\u201enowej normalno\u015bci\u201d \u2013 dro\u017cszego i\u00a0trudniej dost\u0119pnego surowca. Czy ta normalno\u015b\u0107 oka\u017ce si\u0119 trwa\u0142a, przekonamy si\u0119 ju\u017c w\u00a0najbli\u017cszych miesi\u0105cach. Zgodnie z\u00a0zapisami rz\u0105dowego Raportu o\u00a0sytuacji bran\u017cy le\u015bno-drzewnej rok 2025 dobiega ko\u0144ca w\u00a0atmosferze wyra\u017anej stabilizacji. Jednocze\u015bnie obserwujemy g\u0142\u0119bokie\u2026","rel":"","context":"W \u201eZ kraju&quot;","block_context":{"text":"Z kraju","link":"https:\/\/przemysldrzewny.eu\/index.php\/category\/z-kraju\/"},"img":{"alt_text":"","src":"https:\/\/i0.wp.com\/przemysldrzewny.eu\/wp-content\/uploads\/2026\/02\/image-17.png?fit=1195%2C734&ssl=1&resize=350%2C200","width":350,"height":200,"srcset":"https:\/\/i0.wp.com\/przemysldrzewny.eu\/wp-content\/uploads\/2026\/02\/image-17.png?fit=1195%2C734&ssl=1&resize=350%2C200 1x, https:\/\/i0.wp.com\/przemysldrzewny.eu\/wp-content\/uploads\/2026\/02\/image-17.png?fit=1195%2C734&ssl=1&resize=525%2C300 1.5x, https:\/\/i0.wp.com\/przemysldrzewny.eu\/wp-content\/uploads\/2026\/02\/image-17.png?fit=1195%2C734&ssl=1&resize=700%2C400 2x, https:\/\/i0.wp.com\/przemysldrzewny.eu\/wp-content\/uploads\/2026\/02\/image-17.png?fit=1195%2C734&ssl=1&resize=1050%2C600 3x"},"classes":[]},{"id":14606,"url":"https:\/\/przemysldrzewny.eu\/index.php\/2026\/02\/16\/topola-czarna-europejskie-drewno\/","url_meta":{"origin":14664,"position":5},"title":"TOPOLA CZARNA\u00a0&#8211; EUROPEJSKIE DREWNO","author":"ForestorKW","date":"16 lutego 2026","format":false,"excerpt":"Drewno topoli czarnej jest niemal bia\u0142e, z\u00a0lekkim \u017c\u00f3\u0142tawym lub r\u00f3\u017cowawym odcieniem. Surowiec ten charakteryzuje si\u0119 nisk\u0105 g\u0119sto\u015bci\u0105, co przek\u0142ada si\u0119 na \u0142atwo\u015b\u0107 obr\u00f3bki, ale jednocze\u015bnie nieco ogranicza zastosowanie. Z\u00a0tego wzgl\u0119du drewno topolowe poddaje si\u0119 modyfikacji zwi\u0119kszaj\u0105cej parametry mechaniczne i\u00a0twardo\u015b\u0107, a\u00a0tak\u017ce naturaln\u0105 trwa\u0142o\u015b\u0107. NazewnictwoTopola czarna, inaczej sokora (Populus nigra L.), nale\u017cy\u2026","rel":"","context":"W \u201eNauka&quot;","block_context":{"text":"Nauka","link":"https:\/\/przemysldrzewny.eu\/index.php\/category\/nauka\/"},"img":{"alt_text":"","src":"https:\/\/i0.wp.com\/przemysldrzewny.eu\/wp-content\/uploads\/2026\/02\/image-33.png?fit=912%2C1200&ssl=1&resize=350%2C200","width":350,"height":200,"srcset":"https:\/\/i0.wp.com\/przemysldrzewny.eu\/wp-content\/uploads\/2026\/02\/image-33.png?fit=912%2C1200&ssl=1&resize=350%2C200 1x, https:\/\/i0.wp.com\/przemysldrzewny.eu\/wp-content\/uploads\/2026\/02\/image-33.png?fit=912%2C1200&ssl=1&resize=525%2C300 1.5x, https:\/\/i0.wp.com\/przemysldrzewny.eu\/wp-content\/uploads\/2026\/02\/image-33.png?fit=912%2C1200&ssl=1&resize=700%2C400 2x"},"classes":[]}],"_links":{"self":[{"href":"https:\/\/przemysldrzewny.eu\/index.php\/wp-json\/wp\/v2\/posts\/14664","targetHints":{"allow":["GET"]}}],"collection":[{"href":"https:\/\/przemysldrzewny.eu\/index.php\/wp-json\/wp\/v2\/posts"}],"about":[{"href":"https:\/\/przemysldrzewny.eu\/index.php\/wp-json\/wp\/v2\/types\/post"}],"author":[{"embeddable":true,"href":"https:\/\/przemysldrzewny.eu\/index.php\/wp-json\/wp\/v2\/users\/2"}],"replies":[{"embeddable":true,"href":"https:\/\/przemysldrzewny.eu\/index.php\/wp-json\/wp\/v2\/comments?post=14664"}],"version-history":[{"count":1,"href":"https:\/\/przemysldrzewny.eu\/index.php\/wp-json\/wp\/v2\/posts\/14664\/revisions"}],"predecessor-version":[{"id":14671,"href":"https:\/\/przemysldrzewny.eu\/index.php\/wp-json\/wp\/v2\/posts\/14664\/revisions\/14671"}],"wp:featuredmedia":[{"embeddable":true,"href":"https:\/\/przemysldrzewny.eu\/index.php\/wp-json\/wp\/v2\/media\/14667"}],"wp:attachment":[{"href":"https:\/\/przemysldrzewny.eu\/index.php\/wp-json\/wp\/v2\/media?parent=14664"}],"wp:term":[{"taxonomy":"category","embeddable":true,"href":"https:\/\/przemysldrzewny.eu\/index.php\/wp-json\/wp\/v2\/categories?post=14664"},{"taxonomy":"post_tag","embeddable":true,"href":"https:\/\/przemysldrzewny.eu\/index.php\/wp-json\/wp\/v2\/tags?post=14664"}],"curies":[{"name":"wp","href":"https:\/\/api.w.org\/{rel}","templated":true}]}}