{"id":1467,"date":"2015-07-27T09:44:48","date_gmt":"2015-07-27T09:44:48","guid":{"rendered":"http:\/\/localhost\/check\/?p=1467"},"modified":"2015-07-27T09:44:48","modified_gmt":"2015-07-27T09:44:48","slug":"pellet","status":"publish","type":"post","link":"https:\/\/przemysldrzewny.eu\/index.php\/2015\/07\/27\/pellet\/","title":{"rendered":"Pellet"},"content":{"rendered":"<p>Granulat drzewny &#8211; pellety (u\u017cywane s\u0105 r\u00f3wnie\u017c nazwy:\u00a0pellet, pellets, pelet, pelety) &#8211; to, podobnie jak brykiety,\u00a0masa drzewna sprasowana pod wysokim ci\u015bnieniem, bez\u00a0u\u017cycia \u015brodk\u00f3w wi\u0105\u017c\u0105cych. Produkowany jest w postaci\u00a0walc\u00f3w o \u015brednicy od 6 do 30 mm i d\u0142ugo\u015bci nieprzekraczaj\u0105cej\u00a050 mm. Wygl\u0105dem przypomina granulowan\u0105\u00a0pasz\u0119 dla zwierz\u0105t. Granulki powstaj\u0105 poprzez dzia\u0142anie\u00a0wysokiego ci\u015bnienia na matryc\u0119-sito. Dodatek \u015brodka\u00a0wi\u0105\u017c\u0105cego nie jest potrzebny, poniewa\u017c w sk\u0142ad drewna\u00a0wchodz\u0105 naturalne lepiszcza. To g\u0142\u00f3wnie lignina, ale te\u017c\u00a0substancje pektynowe, gumy drzewne i substancje \u015bluzowate.\u00a0Pod wp\u0142ywem temperatury, wynikaj\u0105cej tak\u017ce\u00a0z wysokiego ci\u015bnienia, lignina uplastycznia si\u0119. Stygn\u0105c,\u00a0lepiszcza drzewne skutecznie wi\u0105\u017c\u0105 trociny i wi\u00f3ry.\u00a0Historia pellet\u00f3w w Polsce jest kr\u00f3tka. Nie istnieje nawet\u00a0polska norma dla granulatu. Dla okre\u015blania jego parametr\u00f3w\u00a0stosowane s\u0105 normy: niemiecka DINplus oraz\u00a0austriacka \u00d6NORM M1735. Wed\u0142ug tych norm pellety\u00a0to granulat sprasowany z czystych trocin drzewnych gatunk\u00f3w\u00a0drzew li\u015bciastych. Produkty z innego drewna s\u0105\u00a0jedynie granulatem. Norma europejska ENplus definiuje\u00a0natomiast pellety jako materi\u0119 z biomasy w postaci granulowanej\u00a0[Zatyka 2006].\u00a0W Polsce produkowany jest granulat z gatunk\u00f3w drzew\u00a0li\u015bciastych i iglastych. Granulat drzewny wytwarzany jest\u00a0z naturalnych odpad\u00f3w drzewnych pochodz\u0105cych z tartak\u00f3w\u00a0lub innych zak\u0142ad\u00f3w przetwarzaj\u0105cych drewno.\u00a0Najbardziej po\u017c\u0105danym surowcem do produkcji pelletu\u00a0s\u0105 trociny i wi\u00f3ry z zak\u0142ad\u00f3w stolarskich. Do wytwarzania\u00a0granulatu mo\u017cna tak\u017ce stosowa\u0107 materia\u0142y drzewne\u00a0i cetyn\u0119 (\u017cywe, rzadziej martwe, ob\u0142amane ga\u0142\u0105zki drzew\u00a0iglastych), pozyskiwane z odpad\u00f3w le\u015bnych (z arbomasy).<\/p>\n<p>Ca\u0142y artyku\u0142 z raportu specjalnego &#8222;Rynek Biomasy Drzewnej&#8221; przeczytasz w:<a href=\"http:\/\/localhost\/check\/172-2\/\" target=\"_blank\" rel=\"noopener\"> Przemys\u0142 Drzewny nr 3\/2015<\/a><\/p>\n","protected":false},"excerpt":{"rendered":"<p>Granulat drzewny &#8211; pellety (u\u017cywane s\u0105 r\u00f3wnie\u017c nazwy:\u00a0pellet, pellets, pelet, pelety) &#8211; to, podobnie jak brykiety,\u00a0masa drzewna sprasowana pod wysokim ci\u015bnieniem, bez\u00a0u\u017cycia \u015brodk\u00f3w wi\u0105\u017c\u0105cych. Produkowany jest w postaci\u00a0walc\u00f3w o \u015brednicy [&hellip;]<\/p>\n","protected":false},"author":2,"featured_media":1468,"comment_status":"closed","ping_status":"closed","sticky":false,"template":"","format":"standard","meta":{"_jetpack_newsletter_access":"","_jetpack_dont_email_post_to_subs":false,"_jetpack_newsletter_tier_id":0,"_jetpack_memberships_contains_paywalled_content":false,"_jetpack_feature_clip_id":0,"_jetpack_memberships_contains_paid_content":false,"footnotes":"","jetpack_post_was_ever_published":false},"categories":[16],"tags":[],"class_list":["post-1467","post","type-post","status-publish","format-standard","has-post-thumbnail","hentry","category-biomasa"],"jetpack_likes_enabled":true,"jetpack_sharing_enabled":true,"jetpack-related-posts":[{"id":1473,"url":"https:\/\/przemysldrzewny.eu\/index.php\/2015\/07\/27\/brykiet\/","url_meta":{"origin":1467,"position":0},"title":"Brykiet","author":"forestor","date":"27 lipca 2015","format":false,"excerpt":"G\u0142\u00f3wnym surowcem do produkcji brykiet\u00f3w s\u0105 rozdrobnione\u00a0odpady drzewne: trociny, wi\u00f3ry oraz zr\u0119bki wytworzone\u00a0z odpad\u00f3w kawa\u0142kowych, g\u0142\u00f3wnie ze zrzyn\u00f3w\u00a0iglastych i li\u015bciastych. Surowce (trociny, wi\u00f3ry, zr\u0119bki)\u00a0prasowane s\u0105 pod wysokim ci\u015bnieniem, bez dodatku\u00a0\u015brodk\u00f3w wi\u0105\u017c\u0105cych. Na jedn\u0105 ton\u0119 gotowego produktu\u00a0potrzeba oko\u0142o 7?9 m3, a w\u0142a\u015bciwie mp (metr\u00f3w przestrzennych)\u00a0trocin, wi\u00f3r\u00f3w, zr\u0119bk\u00f3w i innych rozdrobnionych\u00a0odpad\u00f3w drzewnych\u2026","rel":"","context":"W \u201eBIOMASA&quot;","block_context":{"text":"BIOMASA","link":"https:\/\/przemysldrzewny.eu\/index.php\/category\/biomasa\/"},"img":{"alt_text":"","src":"","width":0,"height":0},"classes":[]},{"id":7773,"url":"https:\/\/przemysldrzewny.eu\/index.php\/2021\/02\/17\/w-obwieszczeniu-mein-nie-znalazly-sie-zawody-drzewne-i-lesne\/","url_meta":{"origin":1467,"position":1},"title":"W obwieszczeniu MEiN nie znalaz\u0142y si\u0119 zawody drzewne i le\u015bne","author":"forestor","date":"17 lutego 2021","format":false,"excerpt":"Ka\u017cdego roku Ministerstwo Edukacji i Nauki obwieszcza w Monitorze Polskim wykaz zawod\u00f3w o znaczeniu dla rozwoju gospodarki. S\u0105 to zawody, w kt\u00f3rych cz\u0119sto kszta\u0142ci si\u0119 za ma\u0142o absolwent\u00f3w w stosunku do zapotrzebowania na rynku. S\u0105 w\u015br\u00f3d nich od kilku lat automatycy, elektrycy i elektronicy - tak potrzebni we wszystkich bran\u017cach,\u2026","rel":"","context":"W \u201eLASY I DREWNO&quot;","block_context":{"text":"LASY I DREWNO","link":"https:\/\/przemysldrzewny.eu\/index.php\/category\/lesnictwo\/"},"img":{"alt_text":"","src":"","width":0,"height":0},"classes":[]},{"id":14941,"url":"https:\/\/przemysldrzewny.eu\/index.php\/2026\/08\/17\/blond-pellet-jasny-chwyt-marketingowy\/","url_meta":{"origin":1467,"position":2},"title":"BLOND PELLET \u2013 jasny chwyt marketingowy","author":"ForestorKW","date":"17 sierpnia 2026","format":false,"excerpt":"Jasny, niemal z\u0142oty kolor granulatu sta\u0142 si\u0119 dla cz\u0119\u015bci odbiorc\u00f3w symbolem czysto\u015bci, wysokiej jako\u015bci i\u00a0produktu premium. Problem w\u00a0tym, \u017ce barwa pelletu niewiele m\u00f3wi o\u00a0jego rzeczywistej warto\u015bci energetycznej czy w\u0142a\u015bciwo\u015bciach u\u017cytkowych. Europejscy konsumenci jednak daj\u0105 si\u0119 nabiera\u0107 na takie chwyty marketingowe. Zjawisko okre\u015blane na rynku jako \u201eblond pellet\u201d szczeg\u00f3lnie mocno rozwin\u0119\u0142o\u2026","rel":"","context":"W \u201eBIOMASA&quot;","block_context":{"text":"BIOMASA","link":"https:\/\/przemysldrzewny.eu\/index.php\/category\/biomasa\/"},"img":{"alt_text":"","src":"https:\/\/i0.wp.com\/przemysldrzewny.eu\/wp-content\/uploads\/2026\/08\/image-29.png?fit=648%2C323&ssl=1&resize=350%2C200","width":350,"height":200,"srcset":"https:\/\/i0.wp.com\/przemysldrzewny.eu\/wp-content\/uploads\/2026\/08\/image-29.png?fit=648%2C323&ssl=1&resize=350%2C200 1x, https:\/\/i0.wp.com\/przemysldrzewny.eu\/wp-content\/uploads\/2026\/08\/image-29.png?fit=648%2C323&ssl=1&resize=525%2C300 1.5x"},"classes":[]},{"id":1459,"url":"https:\/\/przemysldrzewny.eu\/index.php\/2015\/07\/27\/liderzy-rynek-biomasy-drzewnej\/","url_meta":{"origin":1467,"position":3},"title":"Liderzy- Rynek Biomasy Drzewnej","author":"forestor","date":"27 lipca 2015","format":false,"excerpt":"W ca\u0142ej Europie w ubieg\u0142ym roku wyprodukowano 12,2 milion\u00f3w\u00a0ton pelletu, co stanowi po\u0142ow\u0119 \u015bwiatowej produkcji.\u00a0Polska zosta\u0142a sklasyfikowana jako si\u00f3dmy pod wzgl\u0119dem\u00a0wielko\u015bci producent tego ekologicznego paliwa, wytwarzaj\u0105cy\u00a0blisko 600 000 ton pelletu rocznie, podczas gdy jeszcze\u00a010 lat temu by\u0142o to zaledwie 100 000 ton. Czo\u0142\u00f3wk\u0119 producent\u00f3w stanowi kilka\u00a0przedsi\u0119biorstw produkuj\u0105cych\u00a0ponad 100 000 ton\u2026","rel":"","context":"W \u201eBIOMASA&quot;","block_context":{"text":"BIOMASA","link":"https:\/\/przemysldrzewny.eu\/index.php\/category\/biomasa\/"},"img":{"alt_text":"","src":"","width":0,"height":0},"classes":[]},{"id":8204,"url":"https:\/\/przemysldrzewny.eu\/index.php\/2021\/06\/25\/nowoczesne-konstrukcje-dachowe-prefabrykowane-wiazary-i-termoizolacja-z-sypkich-wlokien-drzewnych\/","url_meta":{"origin":1467,"position":4},"title":"Nowoczesne konstrukcje dachowe: prefabrykowane wi\u0105zary i termoizolacja z sypkich w\u0142\u00f3kien drzewnych","author":"Sylwia Modzelewska","date":"25 czerwca 2021","format":false,"excerpt":"Wykonanie konstrukcji dachu mo\u017cna znacz\u0105co przyspieszy\u0107, a ca\u0142y proces budowlany\u00a0 upro\u015bci\u0107 dzi\u0119ki wi\u0105zarom prefabrykowanym. R\u00f3wnie szybko i wygodnie tak\u0105 konstrukcj\u0119 mo\u017cna zaizolowa\u0107 cieplnie w\u0142\u00f3knami drzewnymi STEICOzell. Sypki materia\u0142 termoizolacyjny umo\u017cliwia szczelne pokrycie ca\u0142ej powierzchni i perfekcyjne ocieplenie dachu wi\u0105zarowego. Wykonanie wi\u0119\u017aby dachowej na placu budowy wymaga dostarczenia odpowiedniej jako\u015bci wysokiej\u2026","rel":"","context":"W \u201eBUDOWNICTWO DREWNIANE&quot;","block_context":{"text":"BUDOWNICTWO DREWNIANE","link":"https:\/\/przemysldrzewny.eu\/index.php\/category\/budownictwo-drewniane\/"},"img":{"alt_text":"","src":"https:\/\/i0.wp.com\/przemysldrzewny.eu\/index.php\/wp-content\/uploads\/2021\/06\/Wlokna-STEICOzell-1024x768.jpg?resize=350%2C200&ssl=1","width":350,"height":200,"srcset":"https:\/\/i0.wp.com\/przemysldrzewny.eu\/index.php\/wp-content\/uploads\/2021\/06\/Wlokna-STEICOzell-1024x768.jpg?resize=350%2C200&ssl=1 1x, https:\/\/i0.wp.com\/przemysldrzewny.eu\/index.php\/wp-content\/uploads\/2021\/06\/Wlokna-STEICOzell-1024x768.jpg?resize=525%2C300&ssl=1 1.5x, https:\/\/i0.wp.com\/przemysldrzewny.eu\/index.php\/wp-content\/uploads\/2021\/06\/Wlokna-STEICOzell-1024x768.jpg?resize=700%2C400&ssl=1 2x"},"classes":[]},{"id":3914,"url":"https:\/\/przemysldrzewny.eu\/index.php\/2017\/07\/27\/prawidlowe-ustawienie-temperatury-przy-stosowaniu-tasmy-klejacej\/","url_meta":{"origin":1467,"position":5},"title":"Prawid\u0142owe ustawienie temperatury przy stosowaniu ta\u015bmy klej\u0105cej","author":"forestor","date":"27 lipca 2017","format":false,"excerpt":"Istnieje kilka podstawowych zasad maj\u0105cych na celu zachowanie odpowiedniej lepko\u015bci w procesie tworzenia formatki. Efekt ko\u0144cowy zale\u017cy od temperatury otoczenia i wilgotno\u015bci arkusza \u0142uszczki. Poni\u017cej zamieszczone s\u0105 instrukcje dotycz\u0105ce ustawienia odpowiedniej temperatury dla ta\u015bm i nici klejowych Lemtapes. Zbyt wysoka temperatura daje zbyt wysok\u0105 mi\u0119kko\u015b\u0107 ta\u015bmy przy kontakcie z drewnem,\u2026","rel":"","context":"W \u201eTECHNIKA I TECHNOLOGIA&quot;","block_context":{"text":"TECHNIKA I TECHNOLOGIA","link":"https:\/\/przemysldrzewny.eu\/index.php\/category\/technika-i-technologia\/"},"img":{"alt_text":"","src":"https:\/\/i0.wp.com\/localhost\/check\/wp-content\/uploads\/2017\/07\/lempates-1-300x232.jpg?resize=350%2C200","width":350,"height":200},"classes":[]}],"jetpack_featured_media_url":"","_links":{"self":[{"href":"https:\/\/przemysldrzewny.eu\/index.php\/wp-json\/wp\/v2\/posts\/1467","targetHints":{"allow":["GET"]}}],"collection":[{"href":"https:\/\/przemysldrzewny.eu\/index.php\/wp-json\/wp\/v2\/posts"}],"about":[{"href":"https:\/\/przemysldrzewny.eu\/index.php\/wp-json\/wp\/v2\/types\/post"}],"author":[{"embeddable":true,"href":"https:\/\/przemysldrzewny.eu\/index.php\/wp-json\/wp\/v2\/users\/2"}],"replies":[{"embeddable":true,"href":"https:\/\/przemysldrzewny.eu\/index.php\/wp-json\/wp\/v2\/comments?post=1467"}],"version-history":[{"count":0,"href":"https:\/\/przemysldrzewny.eu\/index.php\/wp-json\/wp\/v2\/posts\/1467\/revisions"}],"wp:attachment":[{"href":"https:\/\/przemysldrzewny.eu\/index.php\/wp-json\/wp\/v2\/media?parent=1467"}],"wp:term":[{"taxonomy":"category","embeddable":true,"href":"https:\/\/przemysldrzewny.eu\/index.php\/wp-json\/wp\/v2\/categories?post=1467"},{"taxonomy":"post_tag","embeddable":true,"href":"https:\/\/przemysldrzewny.eu\/index.php\/wp-json\/wp\/v2\/tags?post=1467"}],"curies":[{"name":"wp","href":"https:\/\/api.w.org\/{rel}","templated":true}]}}