{"id":2730,"date":"2016-09-10T14:21:10","date_gmt":"2016-09-10T14:21:10","guid":{"rendered":"http:\/\/localhost\/check\/?p=2730"},"modified":"2016-09-10T14:21:10","modified_gmt":"2016-09-10T14:21:10","slug":"zapraszamy-do-naszego-stoiska-na-dremie","status":"publish","type":"post","link":"https:\/\/przemysldrzewny.eu\/index.php\/2016\/09\/10\/zapraszamy-do-naszego-stoiska-na-dremie\/","title":{"rendered":"Minister rozwoju na Dremie"},"content":{"rendered":"<p>W trzecim dniu MTP DREMA Mateusz Morawiecki, wicepremier, minister rozwoju odwiedzi\u0142 kongres meblarski oraz zwiedzi\u0142 prezentacj\u0119 targow\u0105. Przeszed\u0142 tak\u017ce przez hal\u0119 3, w kt\u00f3rej Przemys\u0142 Drzewny mia\u0142 swoje stoisko.<\/p>\n<p><iframe loading=\"lazy\" src=\"http:\/\/www.mtptv.pl\/embed_wicepremier-mateusz-morawiecki-o-branzy-drzewnej3159\/650\/420\/\" width=\"650\" height=\"420\" frameborder=\"0\" allowfullscreen=\"allowfullscreen\"><\/iframe><\/p>\n","protected":false},"excerpt":{"rendered":"<p>W trzecim dniu MTP DREMA Mateusz Morawiecki, wicepremier, minister rozwoju odwiedzi\u0142 kongres meblarski oraz zwiedzi\u0142 prezentacj\u0119 targow\u0105. Przeszed\u0142 tak\u017ce przez hal\u0119 3, w kt\u00f3rej Przemys\u0142 Drzewny mia\u0142 swoje stoisko.<\/p>\n","protected":false},"author":2,"featured_media":2704,"comment_status":"closed","ping_status":"closed","sticky":false,"template":"","format":"standard","meta":{"_jetpack_newsletter_access":"","_jetpack_dont_email_post_to_subs":false,"_jetpack_newsletter_tier_id":0,"_jetpack_memberships_contains_paywalled_content":false,"_jetpack_feature_clip_id":0,"_jetpack_memberships_contains_paid_content":false,"footnotes":"","jetpack_post_was_ever_published":false},"categories":[32],"tags":[213],"class_list":["post-2730","post","type-post","status-publish","format-standard","has-post-thumbnail","hentry","category-z-kraju","tag-newsletter5"],"jetpack_likes_enabled":true,"jetpack_sharing_enabled":true,"jetpack-related-posts":[{"id":5136,"url":"https:\/\/przemysldrzewny.eu\/index.php\/2018\/04\/26\/zwiekszenie-udzialu-drewna-w-budownictwie-priorytetem-rzadu\/","url_meta":{"origin":2730,"position":0},"title":"Zwi\u0119kszenie udzia\u0142u drewna w budownictwie &#8211; priorytetem Rz\u0105du","author":"Sylwia Modzelewska","date":"26 kwietnia 2018","format":false,"excerpt":"Sektor budownictwa mo\u017ce istotnie przyczyni\u0107 si\u0119 do realizacji cel\u00f3w Narodowego Programu Mieszkaniowego, dlatego jego rozw\u00f3j jest jednym z priorytet\u00f3w Rz\u0105du - zapewni\u0142 minister \u015brodowiska podczas konsultacji w sprawie promocji budownictwa drewnianego, w kt\u00f3rych uczestniczy\u0142o Stowarzyszenie Centrum Drewna w Czarnej Wodzie. Stowarzyszenie Centrum Drewna w Czarnej Wodzie uczestniczy\u0142o w spotkaniu po\u015bwi\u0119conemu\u2026","rel":"","context":"W \u201eZ kraju&quot;","block_context":{"text":"Z kraju","link":"https:\/\/przemysldrzewny.eu\/index.php\/category\/z-kraju\/"},"img":{"alt_text":"","src":"","width":0,"height":0},"classes":[]},{"id":8070,"url":"https:\/\/przemysldrzewny.eu\/index.php\/2021\/05\/07\/wietnam-dobre-prognozy-eksportowe-na-2021-r\/","url_meta":{"origin":2730,"position":1},"title":"Wietnam: Dobre prognozy eksportowe na 2021 r.","author":"forestor","date":"7 maja 2021","format":false,"excerpt":"Wed\u0142ug prognoz wietnamskich w\u0142adz eksport produkt\u00f3w tamtejszego przemys\u0142u drzewnego osi\u0105gnie w tym roku 14,5 mld dolar\u00f3w, co stanowi\u0107 b\u0119dzie 12-procentowy wzrost w por\u00f3wnaniu z 2020 r.Warto\u015b\u0107 eksportu ma osi\u0105gn\u0105\u0107 20 mld dolar\u00f3w w 2025 r. Wiceminister rolnictwa i rozwoju obszar\u00f3w wiejskich Ha CongTuan poinformowa\u0142 w wywiadzie dla gazety \"Lao Dong\u2026","rel":"","context":"W \u201eZARZ\u0104DZANIE&quot;","block_context":{"text":"ZARZ\u0104DZANIE","link":"https:\/\/przemysldrzewny.eu\/index.php\/category\/zarzadzanie-2\/"},"img":{"alt_text":"","src":"","width":0,"height":0},"classes":[]},{"id":2897,"url":"https:\/\/przemysldrzewny.eu\/index.php\/2016\/11\/02\/meble-koniem-pociagowy-polskiego-przemyslu\/","url_meta":{"origin":2730,"position":2},"title":"Bran\u017ca meblowa &#8211; ko\u0144 poci\u0105gowy polskiego przemys\u0142u","author":"forestor","date":"2 listopada 2016","format":false,"excerpt":"Gdyby do ko\u0144ca 2016 r. utrzymano dynamik\u0119 z pierwszych czterech miesi\u0119cy, to \u0142\u0105czna\u00a0warto\u015b\u0107 polskiego eksportu mebli osi\u0105gn\u0119\u0142aby 10 mld euro. Pomimo tak imponuj\u0105cego\u00a0wyniku, polskie meblarstwo wymaga g\u0142\u0119bokich zmian strukturalnych, kt\u00f3re\u00a0pozwol\u0105 mu dopasowa\u0107 si\u0119 do zmieniaj\u0105cej si\u0119 rzeczywisto\u015bci. O szansach i zagro\u017ceniach\u00a0bran\u017cy, kt\u00f3ra jest trzecim najwi\u0119kszym eksporterem w Europie rozmawiali\u00a0uczestnicy Og\u00f3lnopolskiego\u2026","rel":"","context":"W \u201eMEBLARSTWO&quot;","block_context":{"text":"MEBLARSTWO","link":"https:\/\/przemysldrzewny.eu\/index.php\/category\/meblarstwo\/"},"img":{"alt_text":"kon-1","src":"https:\/\/i0.wp.com\/localhost\/check\/wp-content\/uploads\/2016\/11\/ko%C5%84-1-1024x478.jpg?resize=350%2C200","width":350,"height":200,"srcset":"https:\/\/i0.wp.com\/localhost\/check\/wp-content\/uploads\/2016\/11\/ko%C5%84-1-1024x478.jpg?resize=350%2C200 1x, https:\/\/i0.wp.com\/localhost\/check\/wp-content\/uploads\/2016\/11\/ko%C5%84-1-1024x478.jpg?resize=525%2C300 1.5x, https:\/\/i0.wp.com\/localhost\/check\/wp-content\/uploads\/2016\/11\/ko%C5%84-1-1024x478.jpg?resize=700%2C400 2x"},"classes":[]},{"id":5441,"url":"https:\/\/przemysldrzewny.eu\/index.php\/2018\/09\/28\/stowarzyszenie-cdcw-partnerem-projektu-budownictwo-drewniane\/","url_meta":{"origin":2730,"position":3},"title":"Stowarzyszenie CDCW partnerem projektu &#8222;Budownictwo Drewniane&#8221;","author":"Sylwia Modzelewska","date":"28 wrze\u015bnia 2018","format":false,"excerpt":"Stowarzyszenie Centrum Drewna w Czarnej Wodzie b\u0119dzie merytorycznie wspiera\u0107 projekt \"Budownictwo Drewniane\", dziel\u0105c si\u0119 wiedz\u0105 i do\u015bwiadczeniem w zakresie budownictwa drewnianego. 25 wrze\u015bnia umow\u0119 z Ministrem \u015arodowiska w tej sprawie podpisa\u0142 Marcin Zboro\u0144, wiceprezes CDCW. \u00a0 Wa\u017cne, aby budownictwo drewniane rozwija\u0142o si\u0119 znacznie dynamiczniej, dlatego bran\u017ca potrzebuje pomocy, podkre\u015bli\u0142 Henryk\u2026","rel":"","context":"W \u201eBUDOWNICTWO DREWNIANE&quot;","block_context":{"text":"BUDOWNICTWO DREWNIANE","link":"https:\/\/przemysldrzewny.eu\/index.php\/category\/budownictwo-drewniane\/"},"img":{"alt_text":"","src":"https:\/\/i0.wp.com\/localhost\/check\/wp-content\/uploads\/2018\/09\/IMG_9156-300x200.jpg?resize=350%2C200","width":350,"height":200},"classes":[]},{"id":10729,"url":"https:\/\/przemysldrzewny.eu\/index.php\/2021\/11\/12\/rosewood4-0-technologie-cyfrowe-dla-rozwoju-sektora-lesno-drzewnego\/","url_meta":{"origin":2730,"position":4},"title":"ROSEWOOD4.0 &#8211; TECHNOLOGIE CYFROWE DLA ROZWOJU SEKTORA LE\u015aNO-DRZEWNEGO","author":"forestor","date":"12 listopada 2021","format":false,"excerpt":"Drewno ma zasadnicze znaczenie dla rozwoju biogospodarki o obiegu zamkni\u0119tym - jako materia\u0142 naturalny i cz\u0119sto bardziej zr\u00f3wnowa\u017cony od jego substytut\u00f3w. Promocja i innowacje w \u0142a\u0144cuchu warto\u015bci drewna istotnie przyczyniaj\u0105 si\u0119 do wzrostu konkurencyjno\u015bci sektora le\u015bno-drzewnego i rozwoju obszar\u00f3w wiejskich.Finansowany ze \u015brodk\u00f3w UE w ramach programu Horyzont 2020 projekt ROSEWOOD4.0\u2026","rel":"","context":"W \u201eTECHNIKA I TECHNOLOGIA&quot;","block_context":{"text":"TECHNIKA I TECHNOLOGIA","link":"https:\/\/przemysldrzewny.eu\/index.php\/category\/technika-i-technologia\/"},"img":{"alt_text":"","src":"","width":0,"height":0},"classes":[]},{"id":14966,"url":"https:\/\/przemysldrzewny.eu\/index.php\/2026\/08\/17\/rynek-thermowood-od-fazy-rozwoju-do-szerokiej-komercjalizacji\/","url_meta":{"origin":2730,"position":5},"title":"RYNEK THERMOWOOD \u2013 od fazy rozwoju do szerokiej komercjalizacji","author":"ForestorKW","date":"17 sierpnia 2026","format":false,"excerpt":"Technologia termicznej modyfikacji drewna w\u00a0ostatnich dw\u00f3ch dekadach przesz\u0142a drog\u0119 od niszowej innowacji materia\u0142owej do jednego z\u00a0wa\u017cniejszych segment\u00f3w nowoczesnego przemys\u0142u drzewnego. Dane produkcyjne z\u00a0lat 2001\u20132025 pokazuj\u0105, \u017ce rynek ThermoWood rozwija si\u0119 dynamicznie, cho\u0107 nie zawsze w\u00a0spos\u00f3b liniowy. Analiza zmian wielko\u015bci produkcji, struktury geograficznej rynku, udzia\u0142u poszczeg\u00f3lnych gatunk\u00f3w drewna oraz klas modyfikacji\u2026","rel":"","context":"W \u201eLASY I DREWNO&quot;","block_context":{"text":"LASY I DREWNO","link":"https:\/\/przemysldrzewny.eu\/index.php\/category\/lesnictwo\/"},"img":{"alt_text":"","src":"https:\/\/i0.wp.com\/przemysldrzewny.eu\/wp-content\/uploads\/2026\/08\/image-30.png?fit=648%2C524&ssl=1&resize=350%2C200","width":350,"height":200,"srcset":"https:\/\/i0.wp.com\/przemysldrzewny.eu\/wp-content\/uploads\/2026\/08\/image-30.png?fit=648%2C524&ssl=1&resize=350%2C200 1x, https:\/\/i0.wp.com\/przemysldrzewny.eu\/wp-content\/uploads\/2026\/08\/image-30.png?fit=648%2C524&ssl=1&resize=525%2C300 1.5x"},"classes":[]}],"jetpack_featured_media_url":"","_links":{"self":[{"href":"https:\/\/przemysldrzewny.eu\/index.php\/wp-json\/wp\/v2\/posts\/2730","targetHints":{"allow":["GET"]}}],"collection":[{"href":"https:\/\/przemysldrzewny.eu\/index.php\/wp-json\/wp\/v2\/posts"}],"about":[{"href":"https:\/\/przemysldrzewny.eu\/index.php\/wp-json\/wp\/v2\/types\/post"}],"author":[{"embeddable":true,"href":"https:\/\/przemysldrzewny.eu\/index.php\/wp-json\/wp\/v2\/users\/2"}],"replies":[{"embeddable":true,"href":"https:\/\/przemysldrzewny.eu\/index.php\/wp-json\/wp\/v2\/comments?post=2730"}],"version-history":[{"count":0,"href":"https:\/\/przemysldrzewny.eu\/index.php\/wp-json\/wp\/v2\/posts\/2730\/revisions"}],"wp:attachment":[{"href":"https:\/\/przemysldrzewny.eu\/index.php\/wp-json\/wp\/v2\/media?parent=2730"}],"wp:term":[{"taxonomy":"category","embeddable":true,"href":"https:\/\/przemysldrzewny.eu\/index.php\/wp-json\/wp\/v2\/categories?post=2730"},{"taxonomy":"post_tag","embeddable":true,"href":"https:\/\/przemysldrzewny.eu\/index.php\/wp-json\/wp\/v2\/tags?post=2730"}],"curies":[{"name":"wp","href":"https:\/\/api.w.org\/{rel}","templated":true}]}}