{"id":8436,"date":"2021-08-19T09:36:58","date_gmt":"2021-08-19T09:36:58","guid":{"rendered":"https:\/\/localhost\/check\/?p=8263"},"modified":"2021-08-19T09:36:58","modified_gmt":"2021-08-19T09:36:58","slug":"na-sprzedaz-zapasy-wyrobow-programu-ogrodowego","status":"publish","type":"post","link":"https:\/\/przemysldrzewny.eu\/index.php\/2021\/08\/19\/na-sprzedaz-zapasy-wyrobow-programu-ogrodowego\/","title":{"rendered":"Na sprzeda\u017c: zapasy wyrob\u00f3w programu ogrodowego"},"content":{"rendered":"\n<figure class=\"wp-block-gallery columns-3 is-cropped wp-block-gallery-1 is-layout-flex wp-block-gallery-is-layout-flex\"><ul class=\"blocks-gallery-grid\"><li class=\"blocks-gallery-item\"><figure><img data-recalc-dims=\"1\" height=\"883\" width=\"640\" decoding=\"async\" src=\"https:\/\/i0.wp.com\/przemysldrzewny.eu\/index.php\/wp-content\/uploads\/2021\/08\/martyna1-742x1024.jpg?resize=640%2C883&#038;ssl=1\" alt=\"\" data-id=\"8264\" data-full-url=\"https:\/\/przemysldrzewny.eu\/index.php\/wp-content\/uploads\/2021\/08\/martyna1.jpg\" data-link=\"https:\/\/przemysldrzewny.eu\/index.php\/?attachment_id=8264\" class=\"wp-image-8264\"\/><\/figure><\/li><li class=\"blocks-gallery-item\"><figure><img data-recalc-dims=\"1\" height=\"883\" width=\"640\" decoding=\"async\" src=\"https:\/\/i0.wp.com\/przemysldrzewny.eu\/index.php\/wp-content\/uploads\/2021\/08\/martyna12-742x1024.jpg?resize=640%2C883&#038;ssl=1\" alt=\"\" data-id=\"8265\" data-full-url=\"https:\/\/przemysldrzewny.eu\/index.php\/wp-content\/uploads\/2021\/08\/martyna12.jpg\" data-link=\"https:\/\/przemysldrzewny.eu\/index.php\/?attachment_id=8265\" class=\"wp-image-8265\"\/><\/figure><\/li><li class=\"blocks-gallery-item\"><figure><img data-recalc-dims=\"1\" height=\"883\" width=\"640\" decoding=\"async\" src=\"https:\/\/i0.wp.com\/przemysldrzewny.eu\/index.php\/wp-content\/uploads\/2021\/08\/martyna13-742x1024.jpg?resize=640%2C883&#038;ssl=1\" alt=\"\" data-id=\"8266\" data-full-url=\"https:\/\/przemysldrzewny.eu\/index.php\/wp-content\/uploads\/2021\/08\/martyna13.jpg\" data-link=\"https:\/\/przemysldrzewny.eu\/index.php\/?attachment_id=8266\" class=\"wp-image-8266\"\/><\/figure><\/li><\/ul><\/figure>\n","protected":false},"excerpt":{"rendered":"","protected":false},"author":2,"featured_media":8266,"comment_status":"closed","ping_status":"closed","sticky":false,"template":"","format":"standard","meta":{"_jetpack_newsletter_access":"","_jetpack_dont_email_post_to_subs":false,"_jetpack_newsletter_tier_id":0,"_jetpack_memberships_contains_paywalled_content":false,"_jetpack_feature_clip_id":0,"_jetpack_memberships_contains_paid_content":false,"footnotes":"","jetpack_post_was_ever_published":false},"categories":[25],"tags":[],"class_list":["post-8436","post","type-post","status-publish","format-standard","has-post-thumbnail","hentry","category-ogloszenia"],"jetpack_likes_enabled":true,"jetpack_sharing_enabled":true,"jetpack-related-posts":[{"id":7932,"url":"https:\/\/przemysldrzewny.eu\/index.php\/2021\/02\/01\/na-sprzedaz-pila-pionowa-holz-herr\/","url_meta":{"origin":8436,"position":0},"title":"Na sprzeda\u017c: pi\u0142a pionowa Holz-Herr","author":"forestor","date":"1 lutego 2021","format":false,"excerpt":"Maszyny u\u017cywane na sprzeda\u017c","rel":"","context":"W \u201ePREZENTACJE PARTNER\u00d3W&quot;","block_context":{"text":"PREZENTACJE PARTNER\u00d3W","link":"https:\/\/przemysldrzewny.eu\/index.php\/category\/ogloszenia\/"},"img":{"alt_text":"","src":"https:\/\/i0.wp.com\/przemysldrzewny.eu\/index.php\/wp-content\/uploads\/2021\/02\/WhatsApp_Image_2021-02-19_at_11.44.34_-2-1-113x150.jpeg?resize=350%2C200&ssl=1","width":350,"height":200},"classes":[]},{"id":2585,"url":"https:\/\/przemysldrzewny.eu\/index.php\/2016\/07\/13\/grupa-andrewex-i-abwood-przejmuje-zaklad-w-szwecji\/","url_meta":{"origin":8436,"position":1},"title":"Grupa Andrewex i ABWood przejmuje zak\u0142ad w Szwecji","author":"forestor","date":"13 lipca 2016","format":false,"excerpt":"Przy ratuszu szwedzkiego miasta Kalmar za\u0142opota\u0142y polskie flagi. To w ge\u015bcie powitania nowego inwestora - sp\u00f3\u0142ki Andrewex Tv\u00e4rskog Timber AB - pierwszej firmy z polskim kapita\u0142em, kt\u00f3ra kupi\u0142a w Szwecji zak\u0142ad przemys\u0142u drzewnego. Ryzyko zamkni\u0119cia tartaku i zak\u0142adu przerobu drewna w miejscowo\u015bci Tv\u00e4rskog w Szwecji wydawa\u0142o si\u0119 nieuniknione. Kryzys w\u2026","rel":"","context":"W \u201eZ kraju&quot;","block_context":{"text":"Z kraju","link":"https:\/\/przemysldrzewny.eu\/index.php\/category\/z-kraju\/"},"img":{"alt_text":"IMG_2501","src":"https:\/\/i0.wp.com\/localhost\/check\/wp-content\/uploads\/2016\/07\/IMG_2501-150x100.jpg?resize=350%2C200","width":350,"height":200},"classes":[]},{"id":14024,"url":"https:\/\/przemysldrzewny.eu\/index.php\/2025\/08\/01\/drema-2025-9-12-wrzesnia\/","url_meta":{"origin":8436,"position":2},"title":"DREMA 2025 (9-12.09)","author":"forestor","date":"1 sierpnia 2025","format":false,"excerpt":"DREMA, najwi\u0119ksze wydarzenie sektora drzewnego i meblarskiego w Europie \u015arodkowo-Wschodniej, powraca do Poznania w dniach 9\u201312 wrze\u015bnia 2025 roku z nowymi pomys\u0142ami, ekspozycjami i elementami programu. Dzi\u0119ki temu wydarzenie b\u0119dzie dla uczestnik\u00f3w najlepszym \u017ar\u00f3d\u0142em cennej wiedzy o najnowszych rozwi\u0105zaniach technologicznych i trendach oraz silnym impulsem do rozwoju. \u00a0Co nowego czeka\u2026","rel":"","context":"W \u201eTARGI I KONFERENCJE&quot;","block_context":{"text":"TARGI I KONFERENCJE","link":"https:\/\/przemysldrzewny.eu\/index.php\/category\/czasopismo-na-targach\/"},"img":{"alt_text":"","src":"https:\/\/i0.wp.com\/przemysldrzewny.eu\/wp-content\/uploads\/2025\/08\/2024-09-10_DREMA_FOTOBUENO_-1413--scaled.jpg?fit=1200%2C800&ssl=1&resize=350%2C200","width":350,"height":200,"srcset":"https:\/\/i0.wp.com\/przemysldrzewny.eu\/wp-content\/uploads\/2025\/08\/2024-09-10_DREMA_FOTOBUENO_-1413--scaled.jpg?fit=1200%2C800&ssl=1&resize=350%2C200 1x, https:\/\/i0.wp.com\/przemysldrzewny.eu\/wp-content\/uploads\/2025\/08\/2024-09-10_DREMA_FOTOBUENO_-1413--scaled.jpg?fit=1200%2C800&ssl=1&resize=525%2C300 1.5x, https:\/\/i0.wp.com\/przemysldrzewny.eu\/wp-content\/uploads\/2025\/08\/2024-09-10_DREMA_FOTOBUENO_-1413--scaled.jpg?fit=1200%2C800&ssl=1&resize=700%2C400 2x, https:\/\/i0.wp.com\/przemysldrzewny.eu\/wp-content\/uploads\/2025\/08\/2024-09-10_DREMA_FOTOBUENO_-1413--scaled.jpg?fit=1200%2C800&ssl=1&resize=1050%2C600 3x"},"classes":[]},{"id":14750,"url":"https:\/\/przemysldrzewny.eu\/index.php\/2026\/05\/25\/otwarty-pool-palet-epal-gotowy-na-ppwr-eudr-i-wyzwania-sladu-weglowego\/","url_meta":{"origin":8436,"position":3},"title":"Otwarty pool palet EPAL gotowy na PPWR, EUDR i\u00a0wyzwania \u015bladu w\u0119glowego","author":"ForestorKW","date":"25 maja 2026","format":false,"excerpt":"System otwartego poolu paletowego EPAL od kilku lat konsekwentnie dostosowuje si\u0119 do rosn\u0105cych wymaga\u0144 \u015brodowiskowych i\u00a0regulacyjnych Unii Europejskiej. Transformacja ta obejmuje zar\u00f3wno rozw\u00f3j standard\u00f3w raportowania, jak i\u00a0ewolucj\u0119 modelu funkcjonowania systemu. W\u00a0efekcie EPAL staje si\u0119 jednym z\u00a0najbardziej dojrza\u0142ych i\u00a0odpornych regulacyjnie rozwi\u0105za\u0144 dost\u0119pnych na rynku \u2013 szczeg\u00f3lnie w\u00a0kontek\u015bcie nadchodz\u0105cych zmian legislacyjnych. Dla\u2026","rel":"","context":"W \u201ePREZENTACJE PARTNER\u00d3W&quot;","block_context":{"text":"PREZENTACJE PARTNER\u00d3W","link":"https:\/\/przemysldrzewny.eu\/index.php\/category\/ogloszenia\/"},"img":{"alt_text":"","src":"https:\/\/i0.wp.com\/przemysldrzewny.eu\/wp-content\/uploads\/2026\/05\/image-18.png?fit=647%2C409&ssl=1&resize=350%2C200","width":350,"height":200,"srcset":"https:\/\/i0.wp.com\/przemysldrzewny.eu\/wp-content\/uploads\/2026\/05\/image-18.png?fit=647%2C409&ssl=1&resize=350%2C200 1x, https:\/\/i0.wp.com\/przemysldrzewny.eu\/wp-content\/uploads\/2026\/05\/image-18.png?fit=647%2C409&ssl=1&resize=525%2C300 1.5x"},"classes":[]},{"id":4330,"url":"https:\/\/przemysldrzewny.eu\/index.php\/2017\/11\/21\/w-niemczech-srodkiem-chromowym-juz-nie-zaimpregnuja\/","url_meta":{"origin":8436,"position":4},"title":"W Niemczech \u015brodkiem chromowym ju\u017c nie zaimpregnuj\u0105","author":"forestor","date":"21 listopada 2017","format":false,"excerpt":"W grudniu 2017 roku w Niemczech definitywnie zako\u0144czy si\u0119 sprzeda\u017c \u015brodk\u00f3w ochrony drewna zawieraj\u0105cych zwi\u0105zki chromu, a ich stosowanie w tym kraju b\u0119dzie mo\u017cliwe tylko do po\u0142owy 2018 roku. Cho\u0107 pr\u00f3bowano jeszcze udowadnia\u0107, \u017ce chrom nie jest substancj\u0105 aktywn\u0105, lecz odpowiada za utrwalanie impregnatu w drewnie - to jest niemal\u2026","rel":"","context":"W \u201eOCHRONA DREWNA&quot;","block_context":{"text":"OCHRONA DREWNA","link":"https:\/\/przemysldrzewny.eu\/index.php\/category\/ochrona-drewna\/"},"img":{"alt_text":"","src":"https:\/\/i0.wp.com\/localhost\/check\/wp-content\/uploads\/2017\/11\/20171005_151113-300x225.jpg?resize=350%2C200","width":350,"height":200},"classes":[]},{"id":12002,"url":"https:\/\/przemysldrzewny.eu\/index.php\/2023\/05\/25\/w-wydajnosci-produkcji-palet-nawet-gwozdz-ma-znaczenie\/","url_meta":{"origin":8436,"position":5},"title":"W wydajno\u015bci produkcji palet nawet gw\u00f3\u017ad\u017a ma znaczenie","author":"ForestorKW","date":"25 maja 2023","format":false,"excerpt":"W trakcie wdra\u017cania proces\u00f3w automatyzacji mo\u017cemy wychwyci\u0107 najmniejsze szczeg\u00f3\u0142y, jakiemaj\u0105 wp\u0142yw na osi\u0105gni\u0119cie wy\u017cszej wydajno\u015bci i bezproblemow\u0105 produkcj\u0119. Oczywi\u015bcie istotnyjest dob\u00f3r i konfiguracja linii produkcyjnej, ale ostateczny wynik producent\u00f3w palet pracuj\u0105cychna takich samych maszynach mo\u017ce si\u0119 r\u00f3\u017cni\u0107. Wystarczy, \u017ce stosuj\u0105 r\u00f3\u017cne gwo\u017adzie! Produkcja palet doskonale wpisa\u0142a si\u0119 w trend automatyzacji.\u2026","rel":"","context":"W \u201ePREZENTACJE PARTNER\u00d3W&quot;","block_context":{"text":"PREZENTACJE PARTNER\u00d3W","link":"https:\/\/przemysldrzewny.eu\/index.php\/category\/ogloszenia\/"},"img":{"alt_text":"","src":"https:\/\/i0.wp.com\/przemysldrzewny.eu\/wp-content\/uploads\/2023\/05\/Zrzut-ekranu-2023-05-25-222429.png?fit=744%2C379&ssl=1&resize=350%2C200","width":350,"height":200,"srcset":"https:\/\/i0.wp.com\/przemysldrzewny.eu\/wp-content\/uploads\/2023\/05\/Zrzut-ekranu-2023-05-25-222429.png?fit=744%2C379&ssl=1&resize=350%2C200 1x, https:\/\/i0.wp.com\/przemysldrzewny.eu\/wp-content\/uploads\/2023\/05\/Zrzut-ekranu-2023-05-25-222429.png?fit=744%2C379&ssl=1&resize=525%2C300 1.5x, https:\/\/i0.wp.com\/przemysldrzewny.eu\/wp-content\/uploads\/2023\/05\/Zrzut-ekranu-2023-05-25-222429.png?fit=744%2C379&ssl=1&resize=700%2C400 2x"},"classes":[]}],"jetpack_featured_media_url":"","_links":{"self":[{"href":"https:\/\/przemysldrzewny.eu\/index.php\/wp-json\/wp\/v2\/posts\/8436","targetHints":{"allow":["GET"]}}],"collection":[{"href":"https:\/\/przemysldrzewny.eu\/index.php\/wp-json\/wp\/v2\/posts"}],"about":[{"href":"https:\/\/przemysldrzewny.eu\/index.php\/wp-json\/wp\/v2\/types\/post"}],"author":[{"embeddable":true,"href":"https:\/\/przemysldrzewny.eu\/index.php\/wp-json\/wp\/v2\/users\/2"}],"replies":[{"embeddable":true,"href":"https:\/\/przemysldrzewny.eu\/index.php\/wp-json\/wp\/v2\/comments?post=8436"}],"version-history":[{"count":0,"href":"https:\/\/przemysldrzewny.eu\/index.php\/wp-json\/wp\/v2\/posts\/8436\/revisions"}],"wp:attachment":[{"href":"https:\/\/przemysldrzewny.eu\/index.php\/wp-json\/wp\/v2\/media?parent=8436"}],"wp:term":[{"taxonomy":"category","embeddable":true,"href":"https:\/\/przemysldrzewny.eu\/index.php\/wp-json\/wp\/v2\/categories?post=8436"},{"taxonomy":"post_tag","embeddable":true,"href":"https:\/\/przemysldrzewny.eu\/index.php\/wp-json\/wp\/v2\/tags?post=8436"}],"curies":[{"name":"wp","href":"https:\/\/api.w.org\/{rel}","templated":true}]}}